{"id":17430,"date":"2017-04-17T18:54:43","date_gmt":"2017-04-17T21:54:43","guid":{"rendered":"https:\/\/eldiariodesanpedro.com.ar\/sitio\/?p=17430"},"modified":"2017-04-17T18:54:43","modified_gmt":"2017-04-17T21:54:43","slug":"la-salud-de-los-afiliados-a-los-gremios-en-riesgo","status":"publish","type":"post","link":"https:\/\/eldiariodesanpedro.com.ar\/sitio\/la-salud-de-los-afiliados-a-los-gremios-en-riesgo\/","title":{"rendered":"La salud de los afiliados a los gremios en riesgo"},"content":{"rendered":"<p><!-- VideographyWP Plugin Message: Automatic video embedding prevented by plugin options. --><br \/>\nEl Sindicato de Empleados de la Industria del Papel dio a conocer que, \u00abcomo part\u00edcipe activo de la Mesa Sindical de San Pedro, firm\u00f3 la solicitud enviada al Intendente Municipal para que oficie de mediador ante la complicada negociaci\u00f3n que se encuentra estancada con la Asociaci\u00f3n C\u00edrculo M\u00e9dico de San Pedro.<\/p>\n<p>Junto a los gremios m\u00e1s representativos de San Pedro, mantuvimos la semana pasada una reuni\u00f3n con el Jefe Comunal, quien se puso a disposici\u00f3n para arribar a un acuerdo que permita la renovaci\u00f3n de los contratos para las prestaciones m\u00e9dicas en condiciones razonables\u00bb. <\/p>\n<p>\u00abNo obstante, a la fecha, no hemos tenido ning\u00fan avance sobre el particular y nos encontramos al borde de un corte de servicios porque no podemos aceptar aumentos que superan los valores de mercado y alcanzan hasta m\u00e1s de un 40% de incremento\u00bb, aseguraron en el comunicado.<\/p>\n<p>\u00abLa delicada situaci\u00f3n coloca a miles de trabajadores en una incertidumbre total, ya que los representantes del C\u00edrculo M\u00e9dico no han mostrado ning\u00fan inter\u00e9s en negociar y ante las notas elevadas han respondido que interrumpir\u00e1n la atenci\u00f3n de nuestras obras sociales.<\/p>\n<p>Adem\u00e1s del abusivo aumento en los aranceles, pretenden obligarnos a firmar contratos imponiendo condiciones que no est\u00e1n aprobadas por la Superintendencia de Salud que regula las prestaciones m\u00e9dicas de acuerdo a la legislaci\u00f3n vigente\u00bb, aseguran a su vez. <\/p>\n<p>\u00abHacemos un llamado a la reflexi\u00f3n de los profesionales para que se encuentre un punto de equilibrio que permita cumplir con una actualizaci\u00f3n de aranceles acorde a las variables actuales de la econom\u00eda sin asfixiar a nuestras organizaciones y a los trabajadores que representamos\u00bb, se\u00f1alaron por \u00faltimo.<\/p>\n","protected":false},"excerpt":{"rendered":"<p>El Sindicato de Empleados de la Industria del Papel dio a conocer que, \u00abcomo part\u00edcipe activo de la Mesa Sindical de San Pedro, firm\u00f3 la solicitud enviada al Intendente Municipal para que oficie de mediador ante la complicada negociaci\u00f3n que se encuentra estancada con la Asociaci\u00f3n C\u00edrculo M\u00e9dico de San Pedro. Junto a los gremios [&hellip;]<\/p>\n","protected":false},"author":4,"featured_media":17439,"comment_status":"open","ping_status":"closed","sticky":false,"template":"","format":"standard","meta":{"om_disable_all_campaigns":false,"_jetpack_memberships_contains_paid_content":false,"footnotes":""},"categories":[50,101,2],"tags":[],"class_list":["post-17430","post","type-post","status-publish","format-standard","has-post-thumbnail","hentry","category-destacadas","category-interes-general-locales","category-locales"],"aioseo_notices":[],"gutentor_comment":0,"jetpack_featured_media_url":"https:\/\/eldiariodesanpedro.com.ar\/sitio\/wp-content\/uploads\/2017\/04\/salud-medico.jpg","jetpack_shortlink":"https:\/\/wp.me\/p6RhLt-4x8","jetpack_sharing_enabled":true,"_links":{"self":[{"href":"https:\/\/eldiariodesanpedro.com.ar\/sitio\/wp-json\/wp\/v2\/posts\/17430","targetHints":{"allow":["GET"]}}],"collection":[{"href":"https:\/\/eldiariodesanpedro.com.ar\/sitio\/wp-json\/wp\/v2\/posts"}],"about":[{"href":"https:\/\/eldiariodesanpedro.com.ar\/sitio\/wp-json\/wp\/v2\/types\/post"}],"author":[{"embeddable":true,"href":"https:\/\/eldiariodesanpedro.com.ar\/sitio\/wp-json\/wp\/v2\/users\/4"}],"replies":[{"embeddable":true,"href":"https:\/\/eldiariodesanpedro.com.ar\/sitio\/wp-json\/wp\/v2\/comments?post=17430"}],"version-history":[{"count":1,"href":"https:\/\/eldiariodesanpedro.com.ar\/sitio\/wp-json\/wp\/v2\/posts\/17430\/revisions"}],"predecessor-version":[{"id":17441,"href":"https:\/\/eldiariodesanpedro.com.ar\/sitio\/wp-json\/wp\/v2\/posts\/17430\/revisions\/17441"}],"wp:featuredmedia":[{"embeddable":true,"href":"https:\/\/eldiariodesanpedro.com.ar\/sitio\/wp-json\/wp\/v2\/media\/17439"}],"wp:attachment":[{"href":"https:\/\/eldiariodesanpedro.com.ar\/sitio\/wp-json\/wp\/v2\/media?parent=17430"}],"wp:term":[{"taxonomy":"category","embeddable":true,"href":"https:\/\/eldiariodesanpedro.com.ar\/sitio\/wp-json\/wp\/v2\/categories?post=17430"},{"taxonomy":"post_tag","embeddable":true,"href":"https:\/\/eldiariodesanpedro.com.ar\/sitio\/wp-json\/wp\/v2\/tags?post=17430"}],"curies":[{"name":"wp","href":"https:\/\/api.w.org\/{rel}","templated":true}]}}