{"id":17428,"date":"2017-04-17T18:37:45","date_gmt":"2017-04-17T21:37:45","guid":{"rendered":"https:\/\/eldiariodesanpedro.com.ar\/sitio\/?p=17428"},"modified":"2017-04-17T18:37:45","modified_gmt":"2017-04-17T21:37:45","slug":"jovenes-de-17-anos-detenidos-por-robar-un-reel","status":"publish","type":"post","link":"https:\/\/eldiariodesanpedro.com.ar\/sitio\/jovenes-de-17-anos-detenidos-por-robar-un-reel\/","title":{"rendered":"J\u00f3venes de 17 a\u00f1os detenidos por robar un reel"},"content":{"rendered":"<p><!-- VideographyWP Plugin Message: Automatic video embedding prevented by plugin options. --><br \/>\nLos delincuentes se llevaron, sin ejercer violencia, una ca\u00f1a de pescar con el reel de un comercio de venta de art\u00edculos de pesca ubicado en calle Sarmiento N\u00b0 1270. Tras el alerta a la comisar\u00eda un patrullero logr\u00f3 aprehenderlos en inmediaciones de las calles Uruguay y Alejandro Maino.<\/p>\n<p>La UFI del Joven dispuso la notificaci\u00f3n a los menores de la formaci\u00f3n de la causa y luego bajo la custodia de un mayor responsable recuperaron su libertad.<\/p>\n","protected":false},"excerpt":{"rendered":"<p>Los delincuentes se llevaron, sin ejercer violencia, una ca\u00f1a de pescar con el reel de un comercio de venta de art\u00edculos de pesca ubicado en calle Sarmiento N\u00b0 1270. Tras el alerta a la comisar\u00eda un patrullero logr\u00f3 aprehenderlos en inmediaciones de las calles Uruguay y Alejandro Maino. La UFI del Joven dispuso la notificaci\u00f3n [&hellip;]<\/p>\n","protected":false},"author":4,"featured_media":7819,"comment_status":"open","ping_status":"closed","sticky":false,"template":"","format":"standard","meta":{"om_disable_all_campaigns":false,"_jetpack_memberships_contains_paid_content":false,"footnotes":""},"categories":[2,103],"tags":[],"class_list":["post-17428","post","type-post","status-publish","format-standard","has-post-thumbnail","hentry","category-locales","category-policiales-locales"],"aioseo_notices":[],"gutentor_comment":0,"jetpack_featured_media_url":"https:\/\/eldiariodesanpedro.com.ar\/sitio\/wp-content\/uploads\/2016\/09\/detenidos-esposados.jpg","jetpack_shortlink":"https:\/\/wp.me\/p6RhLt-4x6","jetpack_sharing_enabled":true,"_links":{"self":[{"href":"https:\/\/eldiariodesanpedro.com.ar\/sitio\/wp-json\/wp\/v2\/posts\/17428","targetHints":{"allow":["GET"]}}],"collection":[{"href":"https:\/\/eldiariodesanpedro.com.ar\/sitio\/wp-json\/wp\/v2\/posts"}],"about":[{"href":"https:\/\/eldiariodesanpedro.com.ar\/sitio\/wp-json\/wp\/v2\/types\/post"}],"author":[{"embeddable":true,"href":"https:\/\/eldiariodesanpedro.com.ar\/sitio\/wp-json\/wp\/v2\/users\/4"}],"replies":[{"embeddable":true,"href":"https:\/\/eldiariodesanpedro.com.ar\/sitio\/wp-json\/wp\/v2\/comments?post=17428"}],"version-history":[{"count":1,"href":"https:\/\/eldiariodesanpedro.com.ar\/sitio\/wp-json\/wp\/v2\/posts\/17428\/revisions"}],"predecessor-version":[{"id":17431,"href":"https:\/\/eldiariodesanpedro.com.ar\/sitio\/wp-json\/wp\/v2\/posts\/17428\/revisions\/17431"}],"wp:featuredmedia":[{"embeddable":true,"href":"https:\/\/eldiariodesanpedro.com.ar\/sitio\/wp-json\/wp\/v2\/media\/7819"}],"wp:attachment":[{"href":"https:\/\/eldiariodesanpedro.com.ar\/sitio\/wp-json\/wp\/v2\/media?parent=17428"}],"wp:term":[{"taxonomy":"category","embeddable":true,"href":"https:\/\/eldiariodesanpedro.com.ar\/sitio\/wp-json\/wp\/v2\/categories?post=17428"},{"taxonomy":"post_tag","embeddable":true,"href":"https:\/\/eldiariodesanpedro.com.ar\/sitio\/wp-json\/wp\/v2\/tags?post=17428"}],"curies":[{"name":"wp","href":"https:\/\/api.w.org\/{rel}","templated":true}]}}