{"id":17427,"date":"2017-04-17T18:36:28","date_gmt":"2017-04-17T21:36:28","guid":{"rendered":"https:\/\/eldiariodesanpedro.com.ar\/sitio\/?p=17427"},"modified":"2017-04-17T18:36:28","modified_gmt":"2017-04-17T21:36:28","slug":"un-aprehendido-por-romper-la-vitrina-de-un-comercio-con-fines-de-robo","status":"publish","type":"post","link":"https:\/\/eldiariodesanpedro.com.ar\/sitio\/un-aprehendido-por-romper-la-vitrina-de-un-comercio-con-fines-de-robo\/","title":{"rendered":"Un aprehendido por romper la vitrina de un comercio con fines de robo"},"content":{"rendered":"<p><!-- VideographyWP Plugin Message: Automatic video embedding prevented by plugin options. --><br \/>\nOcurri\u00f3 el s\u00e1bado cerca de las 16 hs. Un sujeto mayor de edad fue aprehendido por la polic\u00eda en calle Las Heras y Litoral tras haber  realizados destrozos en un comercio de la ciudad.<\/p>\n<p>El malviviente, en el Kiosco Ta Te Ti, localizado en Arnaldo y An\u00edbal de Ant\u00f3n, rompi\u00f3 el vidrio de una vitrina y adem\u00e1s intent\u00f3 robar elementos que all\u00ed se encontraban.<\/p>\n<p>Pudo ser aprehendido por los uniformados a pocas cuadras del lugar por datos aportados por testigos.<\/p>\n","protected":false},"excerpt":{"rendered":"<p>Ocurri\u00f3 el s\u00e1bado cerca de las 16 hs. Un sujeto mayor de edad fue aprehendido por la polic\u00eda en calle Las Heras y Litoral tras haber realizados destrozos en un comercio de la ciudad. El malviviente, en el Kiosco Ta Te Ti, localizado en Arnaldo y An\u00edbal de Ant\u00f3n, rompi\u00f3 el vidrio de una vitrina [&hellip;]<\/p>\n","protected":false},"author":4,"featured_media":4713,"comment_status":"open","ping_status":"closed","sticky":false,"template":"","format":"standard","meta":{"om_disable_all_campaigns":false,"_jetpack_memberships_contains_paid_content":false,"footnotes":""},"categories":[2,103],"tags":[],"class_list":["post-17427","post","type-post","status-publish","format-standard","has-post-thumbnail","hentry","category-locales","category-policiales-locales"],"aioseo_notices":[],"gutentor_comment":0,"jetpack_featured_media_url":"https:\/\/eldiariodesanpedro.com.ar\/sitio\/wp-content\/uploads\/2016\/05\/detenido.jpg","jetpack_shortlink":"https:\/\/wp.me\/p6RhLt-4x5","jetpack_sharing_enabled":true,"_links":{"self":[{"href":"https:\/\/eldiariodesanpedro.com.ar\/sitio\/wp-json\/wp\/v2\/posts\/17427","targetHints":{"allow":["GET"]}}],"collection":[{"href":"https:\/\/eldiariodesanpedro.com.ar\/sitio\/wp-json\/wp\/v2\/posts"}],"about":[{"href":"https:\/\/eldiariodesanpedro.com.ar\/sitio\/wp-json\/wp\/v2\/types\/post"}],"author":[{"embeddable":true,"href":"https:\/\/eldiariodesanpedro.com.ar\/sitio\/wp-json\/wp\/v2\/users\/4"}],"replies":[{"embeddable":true,"href":"https:\/\/eldiariodesanpedro.com.ar\/sitio\/wp-json\/wp\/v2\/comments?post=17427"}],"version-history":[{"count":1,"href":"https:\/\/eldiariodesanpedro.com.ar\/sitio\/wp-json\/wp\/v2\/posts\/17427\/revisions"}],"predecessor-version":[{"id":17429,"href":"https:\/\/eldiariodesanpedro.com.ar\/sitio\/wp-json\/wp\/v2\/posts\/17427\/revisions\/17429"}],"wp:featuredmedia":[{"embeddable":true,"href":"https:\/\/eldiariodesanpedro.com.ar\/sitio\/wp-json\/wp\/v2\/media\/4713"}],"wp:attachment":[{"href":"https:\/\/eldiariodesanpedro.com.ar\/sitio\/wp-json\/wp\/v2\/media?parent=17427"}],"wp:term":[{"taxonomy":"category","embeddable":true,"href":"https:\/\/eldiariodesanpedro.com.ar\/sitio\/wp-json\/wp\/v2\/categories?post=17427"},{"taxonomy":"post_tag","embeddable":true,"href":"https:\/\/eldiariodesanpedro.com.ar\/sitio\/wp-json\/wp\/v2\/tags?post=17427"}],"curies":[{"name":"wp","href":"https:\/\/api.w.org\/{rel}","templated":true}]}}