{"id":17425,"date":"2017-04-17T19:32:37","date_gmt":"2017-04-17T22:32:37","guid":{"rendered":"https:\/\/eldiariodesanpedro.com.ar\/sitio\/?p=17425"},"modified":"2017-04-17T19:32:37","modified_gmt":"2017-04-17T22:32:37","slug":"nueva-comision-directiva-de-la-agrupacion-mallorca","status":"publish","type":"post","link":"https:\/\/eldiariodesanpedro.com.ar\/sitio\/nueva-comision-directiva-de-la-agrupacion-mallorca\/","title":{"rendered":"Nueva comisi\u00f3n directiva de la Agrupaci\u00f3n Mallorca"},"content":{"rendered":"<p><!-- VideographyWP Plugin Message: Automatic video embedding prevented by plugin options. --><br \/>\nEl d\u00eda 26 de Marzo de este a\u00f1o se realiz\u00f3 la Asamblea General Ordinaria acontecida en la Sede Social de la Agrupaci\u00f3n Mallorca, donde se eligi\u00f3 a la nueva comisi\u00f3n directiva en el periodo 2017-2018 quedando como presidente Gonzalez Truyols Gustavo.<\/p>\n<p>La comisi\u00f3n directiva quedo compuesta por:<\/p>\n<p>APELLIDO Y NOMBRE  \/ DNI \/ CARGO MANDATO<br \/>\nGONZ\u00c1LEZ TRUYOLS GUSTAVO JAVIER 24.599.074 PRESIDENTE 2016-2018<br \/>\nPUIG JUAN CARLOS 12.484.517 VICE-PRESIDENTE 2017-2019<br \/>\nGOMILA JUAN MANUEL 32.657.326 SECRETARIO 2016-2018<br \/>\nGONZ\u00c1LEZ TRUYOLS VANINA 23.065.788 PRO-SECRETARIA 2017-2019<br \/>\nTOUCEDO LETICIA GRACIELA 16.598.394 TESORERA 2016-2018<br \/>\nDRAGO MAR\u00cdA GEORGINA 25.816.758 PRO-TESORERA 2017-2019<br \/>\nTERRE JORGE OMAR 4.686.876 1er VOCAL TITULAR 2016-2018<br \/>\nB\u00d3VER RAM\u00d3N 4.669.265 2do VOCAL TITULAR 2017-2019<br \/>\nROSELL\u00d3 RA\u00daL ALBERTO 14.404.982 3er VOCAL TITULAR 2016-2018<br \/>\nJULI\u00c1 CATALINA 93.150.030 4to VOCAL TITULAR 2017-2019<br \/>\nREY AURORA HAYDEE 3.748.494 1er VOCAL SUPLENTE 2016-2018<br \/>\nLIGERO NANCY BEATRIZ 13.937.363 2do VOCAL SUPLENTE 2017-2019<br \/>\nPUJOL MAR\u00cdA JULIA 10.670.785 3er VOCAL SUPLENTE 2016-2018<br \/>\nSOBRINO MAR\u00cdA ESTER 4.470.612 4to VOCAL SUPLENTE 2017-2019<\/p>\n<p>COMISION REVISORA DE CUENTAS 2017-2018<br \/>\nCALDENTEY SUSANA IRMA 6.170.223 1er REVISOR TITULAR 2016-2017<br \/>\nBAVIO BEATRIZ ISABEL 5.789.674 2do REVISOR TITULAR 2017-2019<br \/>\nGAYA MARIA LUISA 4.470.630 3er REVISOR TITULAR 2016-2017<br \/>\nJULI\u00c1 NANCY BEATRIZ 13.937.181 1er REVISOR SUPLENTE 2017-2019<\/p>\n","protected":false},"excerpt":{"rendered":"<p>El d\u00eda 26 de Marzo de este a\u00f1o se realiz\u00f3 la Asamblea General Ordinaria acontecida en la Sede Social de la Agrupaci\u00f3n Mallorca, donde se eligi\u00f3 a la nueva comisi\u00f3n directiva en el periodo 2017-2018 quedando como presidente Gonzalez Truyols Gustavo. La comisi\u00f3n directiva quedo compuesta por: APELLIDO Y NOMBRE \/ DNI \/ CARGO MANDATO [&hellip;]<\/p>\n","protected":false},"author":4,"featured_media":17453,"comment_status":"open","ping_status":"closed","sticky":false,"template":"","format":"standard","meta":{"om_disable_all_campaigns":false,"_jetpack_memberships_contains_paid_content":false,"footnotes":""},"categories":[101,2],"tags":[],"class_list":["post-17425","post","type-post","status-publish","format-standard","has-post-thumbnail","hentry","category-interes-general-locales","category-locales"],"aioseo_notices":[],"gutentor_comment":0,"jetpack_featured_media_url":"https:\/\/eldiariodesanpedro.com.ar\/sitio\/wp-content\/uploads\/2017\/04\/PAGINA-4-UNO-.jpg","jetpack_shortlink":"https:\/\/wp.me\/p6RhLt-4x3","jetpack_sharing_enabled":true,"_links":{"self":[{"href":"https:\/\/eldiariodesanpedro.com.ar\/sitio\/wp-json\/wp\/v2\/posts\/17425","targetHints":{"allow":["GET"]}}],"collection":[{"href":"https:\/\/eldiariodesanpedro.com.ar\/sitio\/wp-json\/wp\/v2\/posts"}],"about":[{"href":"https:\/\/eldiariodesanpedro.com.ar\/sitio\/wp-json\/wp\/v2\/types\/post"}],"author":[{"embeddable":true,"href":"https:\/\/eldiariodesanpedro.com.ar\/sitio\/wp-json\/wp\/v2\/users\/4"}],"replies":[{"embeddable":true,"href":"https:\/\/eldiariodesanpedro.com.ar\/sitio\/wp-json\/wp\/v2\/comments?post=17425"}],"version-history":[{"count":1,"href":"https:\/\/eldiariodesanpedro.com.ar\/sitio\/wp-json\/wp\/v2\/posts\/17425\/revisions"}],"predecessor-version":[{"id":17454,"href":"https:\/\/eldiariodesanpedro.com.ar\/sitio\/wp-json\/wp\/v2\/posts\/17425\/revisions\/17454"}],"wp:featuredmedia":[{"embeddable":true,"href":"https:\/\/eldiariodesanpedro.com.ar\/sitio\/wp-json\/wp\/v2\/media\/17453"}],"wp:attachment":[{"href":"https:\/\/eldiariodesanpedro.com.ar\/sitio\/wp-json\/wp\/v2\/media?parent=17425"}],"wp:term":[{"taxonomy":"category","embeddable":true,"href":"https:\/\/eldiariodesanpedro.com.ar\/sitio\/wp-json\/wp\/v2\/categories?post=17425"},{"taxonomy":"post_tag","embeddable":true,"href":"https:\/\/eldiariodesanpedro.com.ar\/sitio\/wp-json\/wp\/v2\/tags?post=17425"}],"curies":[{"name":"wp","href":"https:\/\/api.w.org\/{rel}","templated":true}]}}