{"id":17418,"date":"2017-04-17T11:55:18","date_gmt":"2017-04-17T14:55:18","guid":{"rendered":"https:\/\/eldiariodesanpedro.com.ar\/sitio\/?p=17418"},"modified":"2017-04-17T11:55:18","modified_gmt":"2017-04-17T14:55:18","slug":"accidente-entre-un-auto-y-una-moto-en-la-zona-de-costanera","status":"publish","type":"post","link":"https:\/\/eldiariodesanpedro.com.ar\/sitio\/accidente-entre-un-auto-y-una-moto-en-la-zona-de-costanera\/","title":{"rendered":"Accidente entre un auto y una moto en la zona de costanera"},"content":{"rendered":"<p><!-- VideographyWP Plugin Message: Automatic video embedding prevented by plugin options. --><br \/>\nEl d\u00eda domingo se produjo un accidente de transito en la intersecci\u00f3n de Romulo nahon y la bajada del puerto, los rodados involucrados fueron un autom\u00f3vil Renault Fluence que era conducido por un hombre mayor de edad y una motocicleta Guerrero 110 cc guiada por un un menor de edad de 14 a\u00f1os que no llevaba casco.<\/p>\n<p>El joven fue trasladado a la guardia del hospital sub zonal con golpes en su rostro y en sus piernas siendo asistido y dado de alta momentos despu\u00e9s. La motocicleta fue secuestrada por personal de Inspecci\u00f3n Municipal.<\/p>\n","protected":false},"excerpt":{"rendered":"<p>El d\u00eda domingo se produjo un accidente de transito en la intersecci\u00f3n de Romulo nahon y la bajada del puerto, los rodados involucrados fueron un autom\u00f3vil Renault Fluence que era conducido por un hombre mayor de edad y una motocicleta Guerrero 110 cc guiada por un un menor de edad de 14 a\u00f1os que no [&hellip;]<\/p>\n","protected":false},"author":4,"featured_media":2624,"comment_status":"open","ping_status":"closed","sticky":false,"template":"","format":"standard","meta":{"om_disable_all_campaigns":false,"_jetpack_memberships_contains_paid_content":false,"footnotes":""},"categories":[2,103],"tags":[],"class_list":["post-17418","post","type-post","status-publish","format-standard","has-post-thumbnail","hentry","category-locales","category-policiales-locales"],"aioseo_notices":[],"gutentor_comment":0,"jetpack_featured_media_url":"https:\/\/eldiariodesanpedro.com.ar\/sitio\/wp-content\/uploads\/2016\/04\/guardia.jpg","jetpack_shortlink":"https:\/\/wp.me\/p6RhLt-4wW","jetpack_sharing_enabled":true,"_links":{"self":[{"href":"https:\/\/eldiariodesanpedro.com.ar\/sitio\/wp-json\/wp\/v2\/posts\/17418","targetHints":{"allow":["GET"]}}],"collection":[{"href":"https:\/\/eldiariodesanpedro.com.ar\/sitio\/wp-json\/wp\/v2\/posts"}],"about":[{"href":"https:\/\/eldiariodesanpedro.com.ar\/sitio\/wp-json\/wp\/v2\/types\/post"}],"author":[{"embeddable":true,"href":"https:\/\/eldiariodesanpedro.com.ar\/sitio\/wp-json\/wp\/v2\/users\/4"}],"replies":[{"embeddable":true,"href":"https:\/\/eldiariodesanpedro.com.ar\/sitio\/wp-json\/wp\/v2\/comments?post=17418"}],"version-history":[{"count":1,"href":"https:\/\/eldiariodesanpedro.com.ar\/sitio\/wp-json\/wp\/v2\/posts\/17418\/revisions"}],"predecessor-version":[{"id":17419,"href":"https:\/\/eldiariodesanpedro.com.ar\/sitio\/wp-json\/wp\/v2\/posts\/17418\/revisions\/17419"}],"wp:featuredmedia":[{"embeddable":true,"href":"https:\/\/eldiariodesanpedro.com.ar\/sitio\/wp-json\/wp\/v2\/media\/2624"}],"wp:attachment":[{"href":"https:\/\/eldiariodesanpedro.com.ar\/sitio\/wp-json\/wp\/v2\/media?parent=17418"}],"wp:term":[{"taxonomy":"category","embeddable":true,"href":"https:\/\/eldiariodesanpedro.com.ar\/sitio\/wp-json\/wp\/v2\/categories?post=17418"},{"taxonomy":"post_tag","embeddable":true,"href":"https:\/\/eldiariodesanpedro.com.ar\/sitio\/wp-json\/wp\/v2\/tags?post=17418"}],"curies":[{"name":"wp","href":"https:\/\/api.w.org\/{rel}","templated":true}]}}