{"id":17411,"date":"2017-04-16T20:45:46","date_gmt":"2017-04-16T23:45:46","guid":{"rendered":"https:\/\/eldiariodesanpedro.com.ar\/sitio\/?p=17411"},"modified":"2026-01-24T00:26:41","modified_gmt":"2026-01-24T03:26:41","slug":"federal-c-por-paliza-atletico-se-metio-en-semifinales-de-la-region-pampeana-norte","status":"publish","type":"post","link":"https:\/\/eldiariodesanpedro.com.ar\/sitio\/federal-c-por-paliza-atletico-se-metio-en-semifinales-de-la-region-pampeana-norte\/","title":{"rendered":"FEDERAL C: \u00a1Por paliza! Atl\u00e9tico se meti\u00f3 en semifinales de la Regi\u00f3n Pampeana Norte"},"content":{"rendered":"<p><!-- VideographyWP Plugin Message: Automatic video embedding prevented by plugin options. --><br \/>\n  Por los cuartos de final del Torneo Federal C, partido revancha, Atl\u00e9tico Baradero gole\u00f3 a SOMISA 4 a 1 (en la ida 2-2) y ser\u00e1 uno de los cuatro semifinalistas de la Regi\u00f3n Pampeana Norte enfrentando el pr\u00f3ximo fin de semana a Matienzo de Ramallo. Un caso curioso, es que Atl\u00e9tico enfrent\u00f3 s\u00f3lo a tres rivales para estar definiendo la clasificaci\u00f3n al Federal C, ya que en cuartos y semifinal le toc\u00f3 y toca enfrentar a equipos que tambi\u00e9n los tuvo como rival en la ronda regular.<\/p>\n<p>  Los goles estuvieron a cargo de Maximiliano Luna en tres ocasiones, en una actuaci\u00f3n inolvidable; y del sampedrino Leonel Camacho quien abri\u00f3 la cuenta en el cotejo revancha.  Luna debi\u00f3 ser retirado por una fuerte infracci\u00f3n que cometi\u00f3 Slavin, expulsado por el pergaminense Cid. <\/p>\n<p>  El pr\u00f3ximo rival es Matienzo de Ramallo que dej\u00f3 atr\u00e1s a Sarmiento de Z\u00e1rate, en una llave muy pareja (global 2-2), pero tuvo mayor acierto en los penales en la revancha jugada en Z\u00e1rate. El partido de ida se juega en Ramallo Pueblo.<\/p>\n<p><strong>S\u00edntesis<\/strong><br \/>\nAtl\u00e9tico: Luis G\u00f3mez, Walter Del R\u00edo, Lucas Pulimeri, Hern\u00e1n Schallibaum, Rodrigo Carrera, Leonel Camacho, Sergio Ortigoza, Agust\u00edn Moreira, Maximiliano Luna, Sergio Silva, y Leandro Romero. DT: Gustavo Fortunato.<br \/>\nRelevos: Vacirca, Sposito, Chapuis, Molina y Z\u00e1rate.<\/p>\n<p>SOMISA: Tahiel Ponte, Alejandro Slavin, Emanuel Ojeda, Juan Mart\u00ednez, G\u00f3mez, Nicol\u00e1s Malin, Villarreal, Nicanor Sawicz, Leandro Z\u00e1rate, Cristian Frontini y Juan Tomassini. DT: Walter Natali.<br \/>\nRelevos: Sfer, Lescano, P\u00e9rez, Maggi y Contreras.<\/p>\n<p>Goles: 15\u2019 Camacho (A), 37\u2019, 50\u2019 y 53\u2019 Luna (A), 38\u2019 Frontini (S), 41\u2019 Malin (S).<br \/>\nIncidencias: Exp. 67\u2019 Slavin (S) y 90\u2019Maggi (S).<br \/>\n\u00c1rbitro: Alejo Cid (Pergamino).<\/p>\n","protected":false},"excerpt":{"rendered":"<p>Por los cuartos de final del Torneo Federal C, partido revancha, Atl\u00e9tico Baradero gole\u00f3 a SOMISA 4 a 1 (en la ida 2-2) y ser\u00e1 uno de los cuatro semifinalistas de la Regi\u00f3n Pampeana Norte enfrentando el pr\u00f3ximo fin de semana a Matienzo de Ramallo. Un caso curioso, es que Atl\u00e9tico enfrent\u00f3 s\u00f3lo a tres [&hellip;]<\/p>\n","protected":false},"author":4,"featured_media":17412,"comment_status":"open","ping_status":"closed","sticky":false,"template":"","format":"standard","meta":{"om_disable_all_campaigns":false,"_jetpack_memberships_contains_paid_content":false,"footnotes":""},"categories":[5],"tags":[],"class_list":["post-17411","post","type-post","status-publish","format-standard","has-post-thumbnail","hentry","category-deportes"],"aioseo_notices":[],"gutentor_comment":0,"jetpack_featured_media_url":"https:\/\/eldiariodesanpedro.com.ar\/sitio\/wp-content\/uploads\/2017\/04\/La-selfie-en-el-vestuario-de-Atl\u00e9tico.-En-primer-plano-el-sampedrino-Schallibaum-y-a\u00fan-con-la-camiseta-Camacho.jpg","jetpack_shortlink":"https:\/\/wp.me\/p6RhLt-4wP","jetpack_sharing_enabled":true,"_links":{"self":[{"href":"https:\/\/eldiariodesanpedro.com.ar\/sitio\/wp-json\/wp\/v2\/posts\/17411","targetHints":{"allow":["GET"]}}],"collection":[{"href":"https:\/\/eldiariodesanpedro.com.ar\/sitio\/wp-json\/wp\/v2\/posts"}],"about":[{"href":"https:\/\/eldiariodesanpedro.com.ar\/sitio\/wp-json\/wp\/v2\/types\/post"}],"author":[{"embeddable":true,"href":"https:\/\/eldiariodesanpedro.com.ar\/sitio\/wp-json\/wp\/v2\/users\/4"}],"replies":[{"embeddable":true,"href":"https:\/\/eldiariodesanpedro.com.ar\/sitio\/wp-json\/wp\/v2\/comments?post=17411"}],"version-history":[{"count":1,"href":"https:\/\/eldiariodesanpedro.com.ar\/sitio\/wp-json\/wp\/v2\/posts\/17411\/revisions"}],"predecessor-version":[{"id":17413,"href":"https:\/\/eldiariodesanpedro.com.ar\/sitio\/wp-json\/wp\/v2\/posts\/17411\/revisions\/17413"}],"wp:featuredmedia":[{"embeddable":true,"href":"https:\/\/eldiariodesanpedro.com.ar\/sitio\/wp-json\/wp\/v2\/media\/17412"}],"wp:attachment":[{"href":"https:\/\/eldiariodesanpedro.com.ar\/sitio\/wp-json\/wp\/v2\/media?parent=17411"}],"wp:term":[{"taxonomy":"category","embeddable":true,"href":"https:\/\/eldiariodesanpedro.com.ar\/sitio\/wp-json\/wp\/v2\/categories?post=17411"},{"taxonomy":"post_tag","embeddable":true,"href":"https:\/\/eldiariodesanpedro.com.ar\/sitio\/wp-json\/wp\/v2\/tags?post=17411"}],"curies":[{"name":"wp","href":"https:\/\/api.w.org\/{rel}","templated":true}]}}