{"id":17403,"date":"2017-04-16T20:05:18","date_gmt":"2017-04-16T23:05:18","guid":{"rendered":"https:\/\/eldiariodesanpedro.com.ar\/sitio\/?p=17403"},"modified":"2017-04-16T20:05:18","modified_gmt":"2017-04-16T23:05:18","slug":"la-provincia-capacito-a-mas-de-400-pymes-para-mejorar-sus-estrategias-de-exportacion","status":"publish","type":"post","link":"https:\/\/eldiariodesanpedro.com.ar\/sitio\/la-provincia-capacito-a-mas-de-400-pymes-para-mejorar-sus-estrategias-de-exportacion\/","title":{"rendered":"La Provincia capacit\u00f3 a m\u00e1s de 400 Pymes para mejorar sus estrategias de exportaci\u00f3n"},"content":{"rendered":"<p><!-- VideographyWP Plugin Message: Automatic video embedding prevented by plugin options. --><br \/>\nEn el primer trimestre del a\u00f1o, m\u00e1s de 400 empresas bonaerenses participaron del Laboratorio PyMex que lleva a cabo la Secretar\u00eda General del gobierno de la provincia de Buenos Aires, que conduce Fabi\u00e1n Perechodnik, y que tiene como objetivo brindar informaci\u00f3n, asesoramiento y soluciones t\u00e9cnicas a emprendedores que buscan mejorar sus estrategias de comercializaci\u00f3n vinculadas con el mercado internacional.<\/p>\n<p>\u201cEstamos convencidos de que aprovechar la capacidad y el potencial que tienen las Pymes generar\u00e1 m\u00e1s crecimiento y desarrollo para toda la Provincia, por lo que a trav\u00e9s del Laboratorio PyMex brindamos distintas herramientas que les ayuden a exportar e insertarse en el mundo\u201d, explic\u00f3 Perechodnik.<\/p>\n<p>Tras asegurar que estos talleres \u201cproducen una articulaci\u00f3n virtuosa entre el sector p\u00fablico y el privado\u201d, el Secretario General destac\u00f3 que \u201ces parte de lo que nos pide la gobernadora Mar\u00eda Eugenia Vidal: estar y hacer las cosas en conjunto\u201d.<\/p>\n<p>Los encuentros, organizados a trav\u00e9s de la direcci\u00f3n provincial de Promoci\u00f3n de Exportaciones, a cargo de Beatriz Guerra, se realizaron hasta ahora en los distritos de Vicente L\u00f3pez, San Mart\u00edn, Tres de Febrero, Mor\u00f3n, Pilar y en la Ciudad Aut\u00f3noma de Buenos Aires, en tanto que continuar\u00e1n a la largo del a\u00f1o en otros municipios de la Provincia.<\/p>\n<p>Las jornadas contaron con la participaci\u00f3n de representantes de 410 Pymes y fueron coordinadas por t\u00e9cnicos y especialistas de Provincia y Naci\u00f3n y profesionales del sector exportador. En ellas se abordaron temas vinculados a estrategias de marca y dise\u00f1o en comercio internacional,  primeros pasos en la exportaci\u00f3n, normas privadas de certificaci\u00f3n, herramientas p\u00fablicas de financiamiento, apoyo al exportador, importaci\u00f3n temporal y reg\u00edmenes especiales, exportaci\u00f3n de servicios y planes negocios de exportaci\u00f3n.<\/p>\n","protected":false},"excerpt":{"rendered":"<p>En el primer trimestre del a\u00f1o, m\u00e1s de 400 empresas bonaerenses participaron del Laboratorio PyMex que lleva a cabo la Secretar\u00eda General del gobierno de la provincia de Buenos Aires, que conduce Fabi\u00e1n Perechodnik, y que tiene como objetivo brindar informaci\u00f3n, asesoramiento y soluciones t\u00e9cnicas a emprendedores que buscan mejorar sus estrategias de comercializaci\u00f3n vinculadas [&hellip;]<\/p>\n","protected":false},"author":4,"featured_media":17405,"comment_status":"open","ping_status":"closed","sticky":false,"template":"","format":"standard","meta":{"om_disable_all_campaigns":false,"_jetpack_memberships_contains_paid_content":false,"footnotes":""},"categories":[101,2],"tags":[],"class_list":["post-17403","post","type-post","status-publish","format-standard","has-post-thumbnail","hentry","category-interes-general-locales","category-locales"],"aioseo_notices":[],"gutentor_comment":0,"jetpack_featured_media_url":"https:\/\/eldiariodesanpedro.com.ar\/sitio\/wp-content\/uploads\/2017\/04\/capacitacion-PyME.jpg","jetpack_shortlink":"https:\/\/wp.me\/p6RhLt-4wH","jetpack_sharing_enabled":true,"_links":{"self":[{"href":"https:\/\/eldiariodesanpedro.com.ar\/sitio\/wp-json\/wp\/v2\/posts\/17403","targetHints":{"allow":["GET"]}}],"collection":[{"href":"https:\/\/eldiariodesanpedro.com.ar\/sitio\/wp-json\/wp\/v2\/posts"}],"about":[{"href":"https:\/\/eldiariodesanpedro.com.ar\/sitio\/wp-json\/wp\/v2\/types\/post"}],"author":[{"embeddable":true,"href":"https:\/\/eldiariodesanpedro.com.ar\/sitio\/wp-json\/wp\/v2\/users\/4"}],"replies":[{"embeddable":true,"href":"https:\/\/eldiariodesanpedro.com.ar\/sitio\/wp-json\/wp\/v2\/comments?post=17403"}],"version-history":[{"count":1,"href":"https:\/\/eldiariodesanpedro.com.ar\/sitio\/wp-json\/wp\/v2\/posts\/17403\/revisions"}],"predecessor-version":[{"id":17406,"href":"https:\/\/eldiariodesanpedro.com.ar\/sitio\/wp-json\/wp\/v2\/posts\/17403\/revisions\/17406"}],"wp:featuredmedia":[{"embeddable":true,"href":"https:\/\/eldiariodesanpedro.com.ar\/sitio\/wp-json\/wp\/v2\/media\/17405"}],"wp:attachment":[{"href":"https:\/\/eldiariodesanpedro.com.ar\/sitio\/wp-json\/wp\/v2\/media?parent=17403"}],"wp:term":[{"taxonomy":"category","embeddable":true,"href":"https:\/\/eldiariodesanpedro.com.ar\/sitio\/wp-json\/wp\/v2\/categories?post=17403"},{"taxonomy":"post_tag","embeddable":true,"href":"https:\/\/eldiariodesanpedro.com.ar\/sitio\/wp-json\/wp\/v2\/tags?post=17403"}],"curies":[{"name":"wp","href":"https:\/\/api.w.org\/{rel}","templated":true}]}}