{"id":17400,"date":"2017-04-16T20:04:21","date_gmt":"2017-04-16T23:04:21","guid":{"rendered":"https:\/\/eldiariodesanpedro.com.ar\/sitio\/?p=17400"},"modified":"2017-04-16T20:04:21","modified_gmt":"2017-04-16T23:04:21","slug":"se-sospecha-que-fue-intencional-el-servicio-de-cable-e-internet-fue-interrumpido-el-dia-jueves","status":"publish","type":"post","link":"https:\/\/eldiariodesanpedro.com.ar\/sitio\/se-sospecha-que-fue-intencional-el-servicio-de-cable-e-internet-fue-interrumpido-el-dia-jueves\/","title":{"rendered":"SE SOSPECHA QUE FUE INTENCIONAL: El servicio de cable e internet fue interrumpido el dia jueves"},"content":{"rendered":"<p><!-- VideographyWP Plugin Message: Automatic video embedding prevented by plugin options. --><br \/>\nEl dia jueves por la tarde se genero un interrupci\u00f3n en el servicio de Cablevisi\u00f3n y Fibertel en nuestra ciudad y en la localidad vecina de Baradero, el corte se produjo cercanas las 18:00 hs. y duro hasta alrededor de 04:00 hs del viernes.<\/p>\n<p>El problema se produjo por cuestiones ajenas a la empresa seg\u00fan informo el corte de de la fibra \u00f3ptica a la altura de la localidad de R\u00edo Tala, se sospecha que halla sido intencional por personas que tratar\u00edan de robarse el cobre que podr\u00eda tener el mismo.<\/p>\n<p>Una vez detectado el lugar del problema se trabajo arduamente para restablecer el servicio lo cual se finalizo la madrugada del viernes.<\/p>\n","protected":false},"excerpt":{"rendered":"<p>El dia jueves por la tarde se genero un interrupci\u00f3n en el servicio de Cablevisi\u00f3n y Fibertel en nuestra ciudad y en la localidad vecina de Baradero, el corte se produjo cercanas las 18:00 hs. y duro hasta alrededor de 04:00 hs del viernes. El problema se produjo por cuestiones ajenas a la empresa seg\u00fan [&hellip;]<\/p>\n","protected":false},"author":4,"featured_media":17402,"comment_status":"open","ping_status":"closed","sticky":false,"template":"","format":"standard","meta":{"om_disable_all_campaigns":false,"_jetpack_memberships_contains_paid_content":false,"footnotes":""},"categories":[101,2],"tags":[],"class_list":["post-17400","post","type-post","status-publish","format-standard","has-post-thumbnail","hentry","category-interes-general-locales","category-locales"],"aioseo_notices":[],"gutentor_comment":0,"jetpack_featured_media_url":"https:\/\/eldiariodesanpedro.com.ar\/sitio\/wp-content\/uploads\/2017\/04\/internet.jpg","jetpack_shortlink":"https:\/\/wp.me\/p6RhLt-4wE","jetpack_sharing_enabled":true,"_links":{"self":[{"href":"https:\/\/eldiariodesanpedro.com.ar\/sitio\/wp-json\/wp\/v2\/posts\/17400","targetHints":{"allow":["GET"]}}],"collection":[{"href":"https:\/\/eldiariodesanpedro.com.ar\/sitio\/wp-json\/wp\/v2\/posts"}],"about":[{"href":"https:\/\/eldiariodesanpedro.com.ar\/sitio\/wp-json\/wp\/v2\/types\/post"}],"author":[{"embeddable":true,"href":"https:\/\/eldiariodesanpedro.com.ar\/sitio\/wp-json\/wp\/v2\/users\/4"}],"replies":[{"embeddable":true,"href":"https:\/\/eldiariodesanpedro.com.ar\/sitio\/wp-json\/wp\/v2\/comments?post=17400"}],"version-history":[{"count":1,"href":"https:\/\/eldiariodesanpedro.com.ar\/sitio\/wp-json\/wp\/v2\/posts\/17400\/revisions"}],"predecessor-version":[{"id":17404,"href":"https:\/\/eldiariodesanpedro.com.ar\/sitio\/wp-json\/wp\/v2\/posts\/17400\/revisions\/17404"}],"wp:featuredmedia":[{"embeddable":true,"href":"https:\/\/eldiariodesanpedro.com.ar\/sitio\/wp-json\/wp\/v2\/media\/17402"}],"wp:attachment":[{"href":"https:\/\/eldiariodesanpedro.com.ar\/sitio\/wp-json\/wp\/v2\/media?parent=17400"}],"wp:term":[{"taxonomy":"category","embeddable":true,"href":"https:\/\/eldiariodesanpedro.com.ar\/sitio\/wp-json\/wp\/v2\/categories?post=17400"},{"taxonomy":"post_tag","embeddable":true,"href":"https:\/\/eldiariodesanpedro.com.ar\/sitio\/wp-json\/wp\/v2\/tags?post=17400"}],"curies":[{"name":"wp","href":"https:\/\/api.w.org\/{rel}","templated":true}]}}