{"id":17397,"date":"2017-04-16T19:07:34","date_gmt":"2017-04-16T22:07:34","guid":{"rendered":"https:\/\/eldiariodesanpedro.com.ar\/sitio\/?p=17397"},"modified":"2017-04-16T19:07:34","modified_gmt":"2017-04-16T22:07:34","slug":"baradero-buscan-relocalizar-a-los-trabajadores-despedidos-de-atanor","status":"publish","type":"post","link":"https:\/\/eldiariodesanpedro.com.ar\/sitio\/baradero-buscan-relocalizar-a-los-trabajadores-despedidos-de-atanor\/","title":{"rendered":"BARADERO: Buscan relocalizar a los trabajadores despedidos de Atanor"},"content":{"rendered":"<p><!-- VideographyWP Plugin Message: Automatic video embedding prevented by plugin options. --><br \/>\nEn la semana los trabajadores de la empresa qu\u00edmica Atanor no pudieron ingresar a la planta ya que se le impidi\u00f3 el paso, argumentando que la instancia de conciliaci\u00f3n \u201cestaba agotada\u201d, luego de que lo dispusiera la Provincia.<\/p>\n<p>Por esto, el  Sindicato de Qu\u00edmicos y Petroqu\u00edmicos anunci\u00f3 que realizar\u00e1 un paro indefinido desde el pr\u00f3ximo lunes 17 en las plantas ubicadas en Baradero, Z\u00e1rate, Campana, y el parque industrial de Gualeguaych\u00fa.<\/p>\n<p>En di\u00e1logo con INFO CIELO, la Intendenta de Baradero, Fernanda Antonijevic, expres\u00f3 que el pr\u00f3ximo mi\u00e9rcoles se entablar\u00e1 una reuni\u00f3n con funcionarios de la Secretaria de Industria de la Naci\u00f3n para desarrollar lo que se podr\u00eda denominar el \u201cplan B\u201d ante el inminente cierre de Atanor: el llamado \u201cPrograma de reconversi\u00f3n productiva\u201d.<\/p>\n<p>El programa apuntar\u00eda a relocalizar el personal de las empresas que est\u00e1n cerrando o \u201ctransformando\u201d, siendo asistidos moment\u00e1neamente por el gobierno nacional o provincial \u2013seg\u00fan lo expres\u00f3 la mandataria-, m\u00e1s la indemnizaci\u00f3n correspondiente al cierre de la f\u00e1brica.<\/p>\n<p>Sin embargo, desde el sector gremial no ha quedado claro si apoyar\u00e1n esa medida, lo que significa descartar completamente la posibilidad de seguir trabajando en la planta de Atanor, en su propia ciudad. As\u00ed como tambi\u00e9n el de trasladarse todos los d\u00edas para el nuevo puesto laboral.<\/p>\n<p>La localidad de San Nicol\u00e1s, as\u00ed como en Z\u00e1rate con la empresa Toyota, son unos de los ejemplos donde se est\u00e1 empezando a recibir personal que ha sido relocalizado ante el cierre de empresas, como la qu\u00edmica de Atanor.<\/p>\n<p>Hoy los trabajadores realizar\u00e1n una manifestaci\u00f3n en las puertas de la empresa, denunciando que la misma no cierra por quiebre sino por una decisi\u00f3n de redirecciones la producci\u00f3n.<\/p>\n<p>\u201cEl cierre no es por problemas econ\u00f3micos, Atanor es una empresa multinacional. Y como toda empresa multinacional es muy dif\u00edcil que puedas quebrar\u201d, opin\u00f3 al respecto la Intendenta de Baradero.<\/p>\n<p>Hasta ahora, Atanor ten\u00eda cinco empresas en el pa\u00eds, de las cuales tres eran especialmente para la producci\u00f3n de herbicidas o \u201cagro t\u00f3xicos\u201d, mientras que el resto produc\u00eda otro tipo de qu\u00edmicos. Ahora, las cinco ser\u00e1n \u00fanica y exclusivamente para la elaboraci\u00f3n de agroqu\u00edmicos.<\/p>\n<p>La decisi\u00f3n de la multinacional va de la mano con las medidas econ\u00f3micas tomadas por el gobierno nacional, el cual ha desfavorecido la industria y orientado su matriz productiva en el sector primario, es decir el sector agropecuario, as\u00ed como el de extracci\u00f3n de recursos.<\/p>\n<p>De esta manera, Atanor decide priorizar el uso de los agrot\u00f2xicos utilizados para los monocultivos de soja y trigo, el mercado m\u00e1s rentable en la econom\u00eda actual de la provincia y el pa\u00eds.<\/p>\n<p>A partir de la nueva reuni\u00f3n de autoridades, se buscar\u00e1 una salida a un conflicto que excede a un Municipio, pero que incluso pone contra las cuerdas al gobierno provincial y nacional. (Infocielo)<\/p>\n","protected":false},"excerpt":{"rendered":"<p>En la semana los trabajadores de la empresa qu\u00edmica Atanor no pudieron ingresar a la planta ya que se le impidi\u00f3 el paso, argumentando que la instancia de conciliaci\u00f3n \u201cestaba agotada\u201d, luego de que lo dispusiera la Provincia. Por esto, el Sindicato de Qu\u00edmicos y Petroqu\u00edmicos anunci\u00f3 que realizar\u00e1 un paro indefinido desde el pr\u00f3ximo [&hellip;]<\/p>\n","protected":false},"author":4,"featured_media":17352,"comment_status":"open","ping_status":"closed","sticky":false,"template":"","format":"standard","meta":{"om_disable_all_campaigns":false,"_jetpack_memberships_contains_paid_content":false,"footnotes":""},"categories":[621],"tags":[],"class_list":["post-17397","post","type-post","status-publish","format-standard","has-post-thumbnail","hentry","category-regionales"],"aioseo_notices":[],"gutentor_comment":0,"jetpack_featured_media_url":"https:\/\/eldiariodesanpedro.com.ar\/sitio\/wp-content\/uploads\/2017\/04\/Los-trabajadores-de-ATANOR.jpg","jetpack_shortlink":"https:\/\/wp.me\/p6RhLt-4wB","jetpack_sharing_enabled":true,"_links":{"self":[{"href":"https:\/\/eldiariodesanpedro.com.ar\/sitio\/wp-json\/wp\/v2\/posts\/17397","targetHints":{"allow":["GET"]}}],"collection":[{"href":"https:\/\/eldiariodesanpedro.com.ar\/sitio\/wp-json\/wp\/v2\/posts"}],"about":[{"href":"https:\/\/eldiariodesanpedro.com.ar\/sitio\/wp-json\/wp\/v2\/types\/post"}],"author":[{"embeddable":true,"href":"https:\/\/eldiariodesanpedro.com.ar\/sitio\/wp-json\/wp\/v2\/users\/4"}],"replies":[{"embeddable":true,"href":"https:\/\/eldiariodesanpedro.com.ar\/sitio\/wp-json\/wp\/v2\/comments?post=17397"}],"version-history":[{"count":1,"href":"https:\/\/eldiariodesanpedro.com.ar\/sitio\/wp-json\/wp\/v2\/posts\/17397\/revisions"}],"predecessor-version":[{"id":17398,"href":"https:\/\/eldiariodesanpedro.com.ar\/sitio\/wp-json\/wp\/v2\/posts\/17397\/revisions\/17398"}],"wp:featuredmedia":[{"embeddable":true,"href":"https:\/\/eldiariodesanpedro.com.ar\/sitio\/wp-json\/wp\/v2\/media\/17352"}],"wp:attachment":[{"href":"https:\/\/eldiariodesanpedro.com.ar\/sitio\/wp-json\/wp\/v2\/media?parent=17397"}],"wp:term":[{"taxonomy":"category","embeddable":true,"href":"https:\/\/eldiariodesanpedro.com.ar\/sitio\/wp-json\/wp\/v2\/categories?post=17397"},{"taxonomy":"post_tag","embeddable":true,"href":"https:\/\/eldiariodesanpedro.com.ar\/sitio\/wp-json\/wp\/v2\/tags?post=17397"}],"curies":[{"name":"wp","href":"https:\/\/api.w.org\/{rel}","templated":true}]}}