{"id":17394,"date":"2017-04-16T18:55:45","date_gmt":"2017-04-16T21:55:45","guid":{"rendered":"https:\/\/eldiariodesanpedro.com.ar\/sitio\/?p=17394"},"modified":"2017-04-16T18:55:45","modified_gmt":"2017-04-16T21:55:45","slug":"se-habilito-el-desvio-del-puente-de-la-ruta-41-entre-baradero-y-san-antonio-de-areco","status":"publish","type":"post","link":"https:\/\/eldiariodesanpedro.com.ar\/sitio\/se-habilito-el-desvio-del-puente-de-la-ruta-41-entre-baradero-y-san-antonio-de-areco\/","title":{"rendered":"Se habilit\u00f3 el desv\u00edo del puente de la Ruta 41 entre Baradero y San Antonio de Areco"},"content":{"rendered":"<p><!-- VideographyWP Plugin Message: Automatic video embedding prevented by plugin options. --><br \/>\nLleg\u00f3 lo esperado por cientos de vecinos: esta ma\u00f1ana Vialidad Provincial abri\u00f3 el paso que une las ciudad de Baradero y San Antonio de Areco en la Ruta 41, a la altura de Santa Coloma.<\/p>\n<p>Lo confirm\u00f3 el ingeniero de Vialidad Provincial Gast\u00f3n Deza: \u201cEl desv\u00edo se encuentra en las mismas condiciones que antes, y ya est\u00e1 habilitada la obra\u201d, y asegur\u00f3 que \u201cel tiempo colabor\u00f3 mucho para que podamos terminar r\u00e1pido\u201d.<\/p>\n<p>De la misma forma, la municipalidad de nuestra ciudad tambi\u00e9n lo anunci\u00f3 hace instantes, debido a la cantidad de vecinos que circulan y utilizan la traza provincial. (Bosco Producciones)<\/p>\n","protected":false},"excerpt":{"rendered":"<p>Lleg\u00f3 lo esperado por cientos de vecinos: esta ma\u00f1ana Vialidad Provincial abri\u00f3 el paso que une las ciudad de Baradero y San Antonio de Areco en la Ruta 41, a la altura de Santa Coloma. Lo confirm\u00f3 el ingeniero de Vialidad Provincial Gast\u00f3n Deza: \u201cEl desv\u00edo se encuentra en las mismas condiciones que antes, y [&hellip;]<\/p>\n","protected":false},"author":4,"featured_media":17395,"comment_status":"open","ping_status":"closed","sticky":false,"template":"","format":"standard","meta":{"om_disable_all_campaigns":false,"_jetpack_memberships_contains_paid_content":false,"footnotes":""},"categories":[621],"tags":[],"class_list":["post-17394","post","type-post","status-publish","format-standard","has-post-thumbnail","hentry","category-regionales"],"aioseo_notices":[],"gutentor_comment":0,"jetpack_featured_media_url":"https:\/\/eldiariodesanpedro.com.ar\/sitio\/wp-content\/uploads\/2017\/04\/La-Ruta-41-nuevamente-es-transitable.jpeg","jetpack_shortlink":"https:\/\/wp.me\/p6RhLt-4wy","jetpack_sharing_enabled":true,"_links":{"self":[{"href":"https:\/\/eldiariodesanpedro.com.ar\/sitio\/wp-json\/wp\/v2\/posts\/17394","targetHints":{"allow":["GET"]}}],"collection":[{"href":"https:\/\/eldiariodesanpedro.com.ar\/sitio\/wp-json\/wp\/v2\/posts"}],"about":[{"href":"https:\/\/eldiariodesanpedro.com.ar\/sitio\/wp-json\/wp\/v2\/types\/post"}],"author":[{"embeddable":true,"href":"https:\/\/eldiariodesanpedro.com.ar\/sitio\/wp-json\/wp\/v2\/users\/4"}],"replies":[{"embeddable":true,"href":"https:\/\/eldiariodesanpedro.com.ar\/sitio\/wp-json\/wp\/v2\/comments?post=17394"}],"version-history":[{"count":1,"href":"https:\/\/eldiariodesanpedro.com.ar\/sitio\/wp-json\/wp\/v2\/posts\/17394\/revisions"}],"predecessor-version":[{"id":17396,"href":"https:\/\/eldiariodesanpedro.com.ar\/sitio\/wp-json\/wp\/v2\/posts\/17394\/revisions\/17396"}],"wp:featuredmedia":[{"embeddable":true,"href":"https:\/\/eldiariodesanpedro.com.ar\/sitio\/wp-json\/wp\/v2\/media\/17395"}],"wp:attachment":[{"href":"https:\/\/eldiariodesanpedro.com.ar\/sitio\/wp-json\/wp\/v2\/media?parent=17394"}],"wp:term":[{"taxonomy":"category","embeddable":true,"href":"https:\/\/eldiariodesanpedro.com.ar\/sitio\/wp-json\/wp\/v2\/categories?post=17394"},{"taxonomy":"post_tag","embeddable":true,"href":"https:\/\/eldiariodesanpedro.com.ar\/sitio\/wp-json\/wp\/v2\/tags?post=17394"}],"curies":[{"name":"wp","href":"https:\/\/api.w.org\/{rel}","templated":true}]}}