{"id":17388,"date":"2017-04-16T18:50:12","date_gmt":"2017-04-16T21:50:12","guid":{"rendered":"https:\/\/eldiariodesanpedro.com.ar\/sitio\/?p=17388"},"modified":"2017-04-16T19:35:25","modified_gmt":"2017-04-16T22:35:25","slug":"exitoso-fin-de-semana-lago-feria-de-artensanos-food-truck-musical-y-espectaculos","status":"publish","type":"post","link":"https:\/\/eldiariodesanpedro.com.ar\/sitio\/exitoso-fin-de-semana-lago-feria-de-artensanos-food-truck-musical-y-espectaculos\/","title":{"rendered":"Exitoso fin de semana lago: Feria de Artensanos, Food Truck, Musical y espectaculos"},"content":{"rendered":"<p><!-- VideographyWP Plugin Message: Automatic video embedding prevented by plugin options. --><br \/>\nSe desarrollaron desde el jueves hasta hoy las actividades programadas en el marco de la Semana Santa. El centro neur\u00e1lgico elegido por la municipalidad de San Pedro es la plazoleta Fray Cayetano Jos\u00e9 Rodr\u00edguez donde se emplaz\u00f3 la feria de Arte San Pedro. Adem\u00e1s hubo una carpa con exposici\u00f3n de pintores y escultores sampedrinos, adem\u00e1s de los \u00abfood truck\u00bb con deliciosos platos y delicias gastron\u00f3micas.<\/p>\n<p>Sobre el escenario, el viernes se presentaron: King Bee (Blues) Dynamo (Rock Ac\u00fastico) y para finalizar hubo una espect\u00e1culo circense.<\/p>\n<p>En tanto que a luego se llev\u00f3 a cabo, sobre las barrancas, \u201cJes\u00fas de Nazaret\u201d el Musical, con 60 artistas sampedrinos en escena y la direcci\u00f3n de Daniel Corti. (Ver subt\u00edtulo).<\/p>\n<p>El s\u00e1bado hicieron lo propio: Desmadre (rock) Ala de Cuervo (rock) Condici\u00f3n Zero (rock) Capibara (rock) Funci\u00f3n de Circo<br \/>\nY hoy lo hicieron: Florcita de Cedr\u00f3n Funci\u00f3n de Circo Grupo Musical del Senado, pertenecientes al \u00c1rea de Expresi\u00f3n Musical (AEM), traer\u00e1n un repertorio variado con distintas propuestas musicales que van desde el tango, folclore, bolero al rock.<\/p>\n<p><strong>\u201cJes\u00fas de Nazaret el Musical\u201d<\/strong><\/p>\n<p>Con m\u00e1s de 60 actores, se desarroll\u00f3 en el imponente marco de la barranca en la Plazoleta Ej\u00e9rcito de Los Andes, la obra basada en la vida de Jesucristo, en el marco de la conmemoraci\u00f3n las Pascuas.<\/p>\n<p>Cont\u00f3 con la direcci\u00f3n teatral de Daniel Corti y fue protagonizada por Nazareno Boari, los cuales, junto a m\u00e1s de 100 personas hicieron posible la puesta en escena.<\/p>\n<p>En tanto que cont\u00f3 con la colaboraci\u00f3n en la organizaci\u00f3n de la Municipalidad de San Pedro para que se pueda llevar a cabo.<\/p>\n<p>Cabe destacar que se convoc\u00f3 para esta oportunidad al elenco original que hace a\u00f1os atr\u00e1s hab\u00edan sido promotores de la funci\u00f3n original hace m\u00e1s de 12 a\u00f1os.<\/p>\n<p>Ante un gran marco de p\u00fablico, los cuales emocionados ovacionaron a los participantes una vez concluido el evento.<\/p>\n<p>A trav\u00e9s de su p\u00e1gina web institucional, el Intendente Salazar, expres\u00f3: \u201cUn viernes Santo distinto que nos lleno de esperanza y fe, una noche llena de armon\u00eda y familia, con esa calidez \u00fanica que se da \u00fanicamente cuando algo se hace con pasi\u00f3n y amor, todas esas sensaciones estuvieron presentes en Jesus de Nazaret el musical, bajo la direcci\u00f3n de Daniel Corti y la colaboraci\u00f3n de m\u00e1s de 60 artistas que hicieron posible est\u00e1 hermosa obra, gracias por tan m\u00e1gico momento y por darle a nuestra ciudad la posibilidad de vivir estas sensaciones\u201d.<\/p>\n<p><strong>Productos locales que acompa\u00f1an el turismo<\/strong><\/p>\n<p>Entre las propuestas para el fin de semana largo, tambi\u00e9n estuvieron los feriantes de \u00abFrutos de la tierra y el r\u00edo\u00bb en la Casona 1830, donde funciona la Direcci\u00f3n de Turismo. All\u00ed ofrecieron una versi\u00f3n novedosa de los productos que cada uno de los cinco s\u00e1bados al a\u00f1o exponen frente a la Plaza Constituci\u00f3n.<\/p>\n<p>Adem\u00e1s de los productos cl\u00e1sicos, en esta oportunidad quienes se acerquen pudieron acceder a un producto premium que a\u00fan no tiene muchos puntos identificados para conseguirse en San Pedro: la batata IPOMEA. Se trata de bolsas de 2 kg de batata Beauregard (de pulpa naranja, o \u201czanahoria\u201d como la llaman) y Morada INTA (un cl\u00e1sico de la zona), que garantizan una explosi\u00f3n de sabor y cuya presentaci\u00f3n est\u00e1 pensada para poder ser llevada como un souvenir local.<\/p>\n<p>Huevos caseros, calabazas, plantas de vivero, miel, dulces, hilados a mano y fieltro, art\u00edculos de madera de \u00e1rboles estacionados de nuestra tierra, son algunas de las alternativas que se encontraron.<br \/>\n<a href=\"https:\/\/eldiariodesanpedro.com.ar\/sitio\/wp-content\/uploads\/2017\/04\/PAGINA-5-DOS.jpeg\"><img decoding=\"async\" data-attachment-id=\"17390\" data-permalink=\"https:\/\/eldiariodesanpedro.com.ar\/sitio\/exitoso-fin-de-semana-lago-feria-de-artensanos-food-truck-musical-y-espectaculos\/pagina-5-dos-4\/\" data-orig-file=\"https:\/\/eldiariodesanpedro.com.ar\/sitio\/wp-content\/uploads\/2017\/04\/PAGINA-5-DOS.jpeg\" data-orig-size=\"1032,581\" data-comments-opened=\"1\" data-image-meta=\"{&quot;aperture&quot;:&quot;0&quot;,&quot;credit&quot;:&quot;&quot;,&quot;camera&quot;:&quot;&quot;,&quot;caption&quot;:&quot;&quot;,&quot;created_timestamp&quot;:&quot;0&quot;,&quot;copyright&quot;:&quot;&quot;,&quot;focal_length&quot;:&quot;0&quot;,&quot;iso&quot;:&quot;0&quot;,&quot;shutter_speed&quot;:&quot;0&quot;,&quot;title&quot;:&quot;&quot;,&quot;orientation&quot;:&quot;0&quot;}\" data-image-title=\"FERIADO DE SEMANA SANTA 1\" data-image-description=\"\" data-image-caption=\"\" data-large-file=\"https:\/\/eldiariodesanpedro.com.ar\/sitio\/wp-content\/uploads\/2017\/04\/PAGINA-5-DOS-1024x576.jpeg\" data-src=\"https:\/\/eldiariodesanpedro.com.ar\/sitio\/wp-content\/uploads\/2017\/04\/PAGINA-5-DOS-300x169.jpeg\" alt=\"\" width=\"300\" height=\"169\" class=\"alignnone size-medium wp-image-17390 lazyload\" data-srcset=\"https:\/\/eldiariodesanpedro.com.ar\/sitio\/wp-content\/uploads\/2017\/04\/PAGINA-5-DOS-300x169.jpeg 300w, https:\/\/eldiariodesanpedro.com.ar\/sitio\/wp-content\/uploads\/2017\/04\/PAGINA-5-DOS-768x432.jpeg 768w, https:\/\/eldiariodesanpedro.com.ar\/sitio\/wp-content\/uploads\/2017\/04\/PAGINA-5-DOS-1024x576.jpeg 1024w, https:\/\/eldiariodesanpedro.com.ar\/sitio\/wp-content\/uploads\/2017\/04\/PAGINA-5-DOS.jpeg 1032w\" data-sizes=\"(max-width: 300px) 100vw, 300px\" src=\"data:image\/svg+xml;base64,PHN2ZyB3aWR0aD0iMSIgaGVpZ2h0PSIxIiB4bWxucz0iaHR0cDovL3d3dy53My5vcmcvMjAwMC9zdmciPjwvc3ZnPg==\" style=\"--smush-placeholder-width: 300px; --smush-placeholder-aspect-ratio: 300\/169;\" \/><\/a><\/p>\n","protected":false},"excerpt":{"rendered":"<p>Se desarrollaron desde el jueves hasta hoy las actividades programadas en el marco de la Semana Santa. El centro neur\u00e1lgico elegido por la municipalidad de San Pedro es la plazoleta Fray Cayetano Jos\u00e9 Rodr\u00edguez donde se emplaz\u00f3 la feria de Arte San Pedro. Adem\u00e1s hubo una carpa con exposici\u00f3n de pintores y escultores sampedrinos, adem\u00e1s [&hellip;]<\/p>\n","protected":false},"author":4,"featured_media":17391,"comment_status":"open","ping_status":"closed","sticky":false,"template":"","format":"standard","meta":{"om_disable_all_campaigns":false,"_jetpack_memberships_contains_paid_content":false,"footnotes":""},"categories":[50,101,2],"tags":[],"class_list":["post-17388","post","type-post","status-publish","format-standard","has-post-thumbnail","hentry","category-destacadas","category-interes-general-locales","category-locales"],"aioseo_notices":[],"gutentor_comment":0,"jetpack_featured_media_url":"https:\/\/eldiariodesanpedro.com.ar\/sitio\/wp-content\/uploads\/2017\/04\/FERIADO-DE-SEMANA-SANTA-2.jpeg","jetpack_shortlink":"https:\/\/wp.me\/p6RhLt-4ws","jetpack_sharing_enabled":true,"_links":{"self":[{"href":"https:\/\/eldiariodesanpedro.com.ar\/sitio\/wp-json\/wp\/v2\/posts\/17388","targetHints":{"allow":["GET"]}}],"collection":[{"href":"https:\/\/eldiariodesanpedro.com.ar\/sitio\/wp-json\/wp\/v2\/posts"}],"about":[{"href":"https:\/\/eldiariodesanpedro.com.ar\/sitio\/wp-json\/wp\/v2\/types\/post"}],"author":[{"embeddable":true,"href":"https:\/\/eldiariodesanpedro.com.ar\/sitio\/wp-json\/wp\/v2\/users\/4"}],"replies":[{"embeddable":true,"href":"https:\/\/eldiariodesanpedro.com.ar\/sitio\/wp-json\/wp\/v2\/comments?post=17388"}],"version-history":[{"count":2,"href":"https:\/\/eldiariodesanpedro.com.ar\/sitio\/wp-json\/wp\/v2\/posts\/17388\/revisions"}],"predecessor-version":[{"id":17399,"href":"https:\/\/eldiariodesanpedro.com.ar\/sitio\/wp-json\/wp\/v2\/posts\/17388\/revisions\/17399"}],"wp:featuredmedia":[{"embeddable":true,"href":"https:\/\/eldiariodesanpedro.com.ar\/sitio\/wp-json\/wp\/v2\/media\/17391"}],"wp:attachment":[{"href":"https:\/\/eldiariodesanpedro.com.ar\/sitio\/wp-json\/wp\/v2\/media?parent=17388"}],"wp:term":[{"taxonomy":"category","embeddable":true,"href":"https:\/\/eldiariodesanpedro.com.ar\/sitio\/wp-json\/wp\/v2\/categories?post=17388"},{"taxonomy":"post_tag","embeddable":true,"href":"https:\/\/eldiariodesanpedro.com.ar\/sitio\/wp-json\/wp\/v2\/tags?post=17388"}],"curies":[{"name":"wp","href":"https:\/\/api.w.org\/{rel}","templated":true}]}}