{"id":17386,"date":"2017-04-16T18:45:16","date_gmt":"2017-04-16T21:45:16","guid":{"rendered":"https:\/\/eldiariodesanpedro.com.ar\/sitio\/?p=17386"},"modified":"2017-04-16T18:45:16","modified_gmt":"2017-04-16T21:45:16","slug":"nuevo-hecho-de-violencia-de-genero","status":"publish","type":"post","link":"https:\/\/eldiariodesanpedro.com.ar\/sitio\/nuevo-hecho-de-violencia-de-genero\/","title":{"rendered":"Nuevo hecho de violencia de genero"},"content":{"rendered":"<p><!-- VideographyWP Plugin Message: Automatic video embedding prevented by plugin options. --><br \/>\nEl violento hecho se produjo en Branan al 1180. Un patrullero se dirigi\u00f3 al lugar tras la denuncia telef\u00f3nica que en el lugar se estaba produciendo una disputa familiar. <\/p>\n<p>Los uniformados debieron ingresar a la vivienda para capturar un sujeto de 25 a\u00f1os que estaba agrediendo a su concubina. Adem\u00e1s ocasion\u00f3 da\u00f1os en la vivienda. <\/p>\n<p>El mismo fue trasladado a la dependencia local donde qued\u00f3 alojado a disposici\u00f3n de la UFI en turno, la que caratul\u00f3 el hecho como \u201cAprehensi\u00f3n por Violencia de G\u00e9nero, Lesiones Leves Agravadas por el V\u00ednculo y Da\u00f1o\u201d.<\/p>\n","protected":false},"excerpt":{"rendered":"<p>El violento hecho se produjo en Branan al 1180. Un patrullero se dirigi\u00f3 al lugar tras la denuncia telef\u00f3nica que en el lugar se estaba produciendo una disputa familiar. Los uniformados debieron ingresar a la vivienda para capturar un sujeto de 25 a\u00f1os que estaba agrediendo a su concubina. Adem\u00e1s ocasion\u00f3 da\u00f1os en la vivienda. [&hellip;]<\/p>\n","protected":false},"author":4,"featured_media":10486,"comment_status":"open","ping_status":"closed","sticky":false,"template":"","format":"standard","meta":{"om_disable_all_campaigns":false,"_jetpack_memberships_contains_paid_content":false,"footnotes":""},"categories":[2,103],"tags":[],"class_list":["post-17386","post","type-post","status-publish","format-standard","has-post-thumbnail","hentry","category-locales","category-policiales-locales"],"aioseo_notices":[],"gutentor_comment":0,"jetpack_featured_media_url":"https:\/\/eldiariodesanpedro.com.ar\/sitio\/wp-content\/uploads\/2016\/11\/violencia-de-genero.jpg","jetpack_shortlink":"https:\/\/wp.me\/p6RhLt-4wq","jetpack_sharing_enabled":true,"_links":{"self":[{"href":"https:\/\/eldiariodesanpedro.com.ar\/sitio\/wp-json\/wp\/v2\/posts\/17386","targetHints":{"allow":["GET"]}}],"collection":[{"href":"https:\/\/eldiariodesanpedro.com.ar\/sitio\/wp-json\/wp\/v2\/posts"}],"about":[{"href":"https:\/\/eldiariodesanpedro.com.ar\/sitio\/wp-json\/wp\/v2\/types\/post"}],"author":[{"embeddable":true,"href":"https:\/\/eldiariodesanpedro.com.ar\/sitio\/wp-json\/wp\/v2\/users\/4"}],"replies":[{"embeddable":true,"href":"https:\/\/eldiariodesanpedro.com.ar\/sitio\/wp-json\/wp\/v2\/comments?post=17386"}],"version-history":[{"count":1,"href":"https:\/\/eldiariodesanpedro.com.ar\/sitio\/wp-json\/wp\/v2\/posts\/17386\/revisions"}],"predecessor-version":[{"id":17389,"href":"https:\/\/eldiariodesanpedro.com.ar\/sitio\/wp-json\/wp\/v2\/posts\/17386\/revisions\/17389"}],"wp:featuredmedia":[{"embeddable":true,"href":"https:\/\/eldiariodesanpedro.com.ar\/sitio\/wp-json\/wp\/v2\/media\/10486"}],"wp:attachment":[{"href":"https:\/\/eldiariodesanpedro.com.ar\/sitio\/wp-json\/wp\/v2\/media?parent=17386"}],"wp:term":[{"taxonomy":"category","embeddable":true,"href":"https:\/\/eldiariodesanpedro.com.ar\/sitio\/wp-json\/wp\/v2\/categories?post=17386"},{"taxonomy":"post_tag","embeddable":true,"href":"https:\/\/eldiariodesanpedro.com.ar\/sitio\/wp-json\/wp\/v2\/tags?post=17386"}],"curies":[{"name":"wp","href":"https:\/\/api.w.org\/{rel}","templated":true}]}}