{"id":17383,"date":"2017-04-16T18:43:51","date_gmt":"2017-04-16T21:43:51","guid":{"rendered":"https:\/\/eldiariodesanpedro.com.ar\/sitio\/?p=17383"},"modified":"2017-04-16T18:43:51","modified_gmt":"2017-04-16T21:43:51","slug":"tres-autos-sufrieron-danos-en-la-luneta-trasera","status":"publish","type":"post","link":"https:\/\/eldiariodesanpedro.com.ar\/sitio\/tres-autos-sufrieron-danos-en-la-luneta-trasera\/","title":{"rendered":"Tres autos sufrieron da\u00f1os en la luneta trasera"},"content":{"rendered":"<p><!-- VideographyWP Plugin Message: Automatic video embedding prevented by plugin options. --><br \/>\nLos hechos ocurrieron todos entre las 01 y la 03 hs. del viernes. Los veh\u00edculos se hallaban estacionado en la zona de inmediaciones a Caseros y Sarmiento.<\/p>\n<p>Seg\u00fan se pudo establecer tres motociclistas arrojaron piedras sobre los rodados provocando da\u00f1os en la lunetas. En tanto que no se constat\u00f3 ning\u00fan faltante.<\/p>\n<p>Interviene la UFI N\u00ba 5 qu\u00e9 caratul\u00f3 el hecho como \u201cDa\u00f1os\u201d.<\/p>\n","protected":false},"excerpt":{"rendered":"<p>Los hechos ocurrieron todos entre las 01 y la 03 hs. del viernes. Los veh\u00edculos se hallaban estacionado en la zona de inmediaciones a Caseros y Sarmiento. Seg\u00fan se pudo establecer tres motociclistas arrojaron piedras sobre los rodados provocando da\u00f1os en la lunetas. En tanto que no se constat\u00f3 ning\u00fan faltante. Interviene la UFI N\u00ba [&hellip;]<\/p>\n","protected":false},"author":4,"featured_media":17385,"comment_status":"open","ping_status":"closed","sticky":false,"template":"","format":"standard","meta":{"om_disable_all_campaigns":false,"_jetpack_memberships_contains_paid_content":false,"footnotes":""},"categories":[2,103],"tags":[],"class_list":["post-17383","post","type-post","status-publish","format-standard","has-post-thumbnail","hentry","category-locales","category-policiales-locales"],"aioseo_notices":[],"gutentor_comment":0,"jetpack_featured_media_url":"https:\/\/eldiariodesanpedro.com.ar\/sitio\/wp-content\/uploads\/2017\/04\/vandalismo-auto.jpg","jetpack_shortlink":"https:\/\/wp.me\/p6RhLt-4wn","jetpack_sharing_enabled":true,"_links":{"self":[{"href":"https:\/\/eldiariodesanpedro.com.ar\/sitio\/wp-json\/wp\/v2\/posts\/17383","targetHints":{"allow":["GET"]}}],"collection":[{"href":"https:\/\/eldiariodesanpedro.com.ar\/sitio\/wp-json\/wp\/v2\/posts"}],"about":[{"href":"https:\/\/eldiariodesanpedro.com.ar\/sitio\/wp-json\/wp\/v2\/types\/post"}],"author":[{"embeddable":true,"href":"https:\/\/eldiariodesanpedro.com.ar\/sitio\/wp-json\/wp\/v2\/users\/4"}],"replies":[{"embeddable":true,"href":"https:\/\/eldiariodesanpedro.com.ar\/sitio\/wp-json\/wp\/v2\/comments?post=17383"}],"version-history":[{"count":1,"href":"https:\/\/eldiariodesanpedro.com.ar\/sitio\/wp-json\/wp\/v2\/posts\/17383\/revisions"}],"predecessor-version":[{"id":17387,"href":"https:\/\/eldiariodesanpedro.com.ar\/sitio\/wp-json\/wp\/v2\/posts\/17383\/revisions\/17387"}],"wp:featuredmedia":[{"embeddable":true,"href":"https:\/\/eldiariodesanpedro.com.ar\/sitio\/wp-json\/wp\/v2\/media\/17385"}],"wp:attachment":[{"href":"https:\/\/eldiariodesanpedro.com.ar\/sitio\/wp-json\/wp\/v2\/media?parent=17383"}],"wp:term":[{"taxonomy":"category","embeddable":true,"href":"https:\/\/eldiariodesanpedro.com.ar\/sitio\/wp-json\/wp\/v2\/categories?post=17383"},{"taxonomy":"post_tag","embeddable":true,"href":"https:\/\/eldiariodesanpedro.com.ar\/sitio\/wp-json\/wp\/v2\/tags?post=17383"}],"curies":[{"name":"wp","href":"https:\/\/api.w.org\/{rel}","templated":true}]}}