{"id":17381,"date":"2017-04-16T18:41:00","date_gmt":"2017-04-16T21:41:00","guid":{"rendered":"https:\/\/eldiariodesanpedro.com.ar\/sitio\/?p=17381"},"modified":"2017-04-16T19:46:50","modified_gmt":"2017-04-16T22:46:50","slug":"tres-accidentes-el-fin-de-semana-entre-autos-y-motos","status":"publish","type":"post","link":"https:\/\/eldiariodesanpedro.com.ar\/sitio\/tres-accidentes-el-fin-de-semana-entre-autos-y-motos\/","title":{"rendered":"Tres accidentes el fin de semana entre autos y motos"},"content":{"rendered":"<p><!-- VideographyWP Plugin Message: Automatic video embedding prevented by plugin options. --><br \/>\nEl primero de ellos se produjo el viernes por la tarde en Belgrano y Ayacucho. En esa esquina, una camioneta Toyota, que era guiada por una mujer de 41 a\u00f1os, y una motocicleta marca Guerrero 110 CC, que era manejada por un hombre de 41 a\u00f1os y quien llevaba a bordo una joven de 25 a\u00f1os y una menor de edad.; chocaron por causas que se tratan de establecer.<\/p>\n<p>Como consecuencia de ello, la ni\u00f1a sufri\u00f3 lesiones de car\u00e1cter leves por lo que fue derivada por una ambulancia al nosocomio local, mientras que los mayores resultaron ilesos.<\/p>\n<p>Ambos rodados fueron secuestrados con fines periciales y luego devueltos a sus due\u00f1os.<\/p>\n<p>Mientras que el s\u00e1bado, pasadas las 15 hs. en la esquina de 11 de Septiembre y Chacabuco, entre una camioneta Chevrolet Meriva y una moto 110 CC. En el rodado menor se dirig\u00eda un joven que sufri\u00f3 traumatismos de diversas consideraci\u00f3n debido al impacto del rodado y la posterior ca\u00edda a la cinta asf\u00e1ltica. Fue derivado a la Guardia del Hospital por el Servicio de Emergencias 107 y all\u00ed se pudo determinar que tiene una fractura en una de sus piernas y un corte en la zona del rostro.<\/p>\n<p>Luego, pasadas las 17 hs. una camioneta marca Chevrolet Blazer, por causas que se tratan de establecer choc\u00f3 contra la pared que da al patio de una vivienda en la esquina de Arnaldo y Ntra. Sra. del Socorro. <\/p>\n<p>Si bien al lugar se dirigi\u00f3 una ambulancia del Servicio de Emergencias 107, el conductor del rodado habr\u00eda aceptado la atenci\u00f3n. Las lesiones ser\u00edan de car\u00e1cter leves. <\/p>\n<p>No trascendieron a\u00fan que es lo que motiv\u00f3 el incidente de tr\u00e1nsito.<\/p>\n","protected":false},"excerpt":{"rendered":"<p>El primero de ellos se produjo el viernes por la tarde en Belgrano y Ayacucho. En esa esquina, una camioneta Toyota, que era guiada por una mujer de 41 a\u00f1os, y una motocicleta marca Guerrero 110 CC, que era manejada por un hombre de 41 a\u00f1os y quien llevaba a bordo una joven de 25 [&hellip;]<\/p>\n","protected":false},"author":4,"featured_media":13370,"comment_status":"open","ping_status":"closed","sticky":false,"template":"","format":"standard","meta":{"om_disable_all_campaigns":false,"_jetpack_memberships_contains_paid_content":false,"footnotes":""},"categories":[50,2,103],"tags":[],"class_list":["post-17381","post","type-post","status-publish","format-standard","has-post-thumbnail","hentry","category-destacadas","category-locales","category-policiales-locales"],"aioseo_notices":[],"gutentor_comment":0,"jetpack_featured_media_url":"https:\/\/eldiariodesanpedro.com.ar\/sitio\/wp-content\/uploads\/2017\/01\/Patrulla-2-e1485286083962.jpg","jetpack_shortlink":"https:\/\/wp.me\/p6RhLt-4wl","jetpack_sharing_enabled":true,"_links":{"self":[{"href":"https:\/\/eldiariodesanpedro.com.ar\/sitio\/wp-json\/wp\/v2\/posts\/17381","targetHints":{"allow":["GET"]}}],"collection":[{"href":"https:\/\/eldiariodesanpedro.com.ar\/sitio\/wp-json\/wp\/v2\/posts"}],"about":[{"href":"https:\/\/eldiariodesanpedro.com.ar\/sitio\/wp-json\/wp\/v2\/types\/post"}],"author":[{"embeddable":true,"href":"https:\/\/eldiariodesanpedro.com.ar\/sitio\/wp-json\/wp\/v2\/users\/4"}],"replies":[{"embeddable":true,"href":"https:\/\/eldiariodesanpedro.com.ar\/sitio\/wp-json\/wp\/v2\/comments?post=17381"}],"version-history":[{"count":1,"href":"https:\/\/eldiariodesanpedro.com.ar\/sitio\/wp-json\/wp\/v2\/posts\/17381\/revisions"}],"predecessor-version":[{"id":17384,"href":"https:\/\/eldiariodesanpedro.com.ar\/sitio\/wp-json\/wp\/v2\/posts\/17381\/revisions\/17384"}],"wp:featuredmedia":[{"embeddable":true,"href":"https:\/\/eldiariodesanpedro.com.ar\/sitio\/wp-json\/wp\/v2\/media\/13370"}],"wp:attachment":[{"href":"https:\/\/eldiariodesanpedro.com.ar\/sitio\/wp-json\/wp\/v2\/media?parent=17381"}],"wp:term":[{"taxonomy":"category","embeddable":true,"href":"https:\/\/eldiariodesanpedro.com.ar\/sitio\/wp-json\/wp\/v2\/categories?post=17381"},{"taxonomy":"post_tag","embeddable":true,"href":"https:\/\/eldiariodesanpedro.com.ar\/sitio\/wp-json\/wp\/v2\/tags?post=17381"}],"curies":[{"name":"wp","href":"https:\/\/api.w.org\/{rel}","templated":true}]}}