{"id":17379,"date":"2017-04-16T18:39:26","date_gmt":"2017-04-16T21:39:26","guid":{"rendered":"https:\/\/eldiariodesanpedro.com.ar\/sitio\/?p=17379"},"modified":"2017-04-16T19:47:40","modified_gmt":"2017-04-16T22:47:40","slug":"tres-personas-de-grand-bourg-aprehendidas","status":"publish","type":"post","link":"https:\/\/eldiariodesanpedro.com.ar\/sitio\/tres-personas-de-grand-bourg-aprehendidas\/","title":{"rendered":"Tres personas de Grand Bourg aprehendidas"},"content":{"rendered":"<p><!-- VideographyWP Plugin Message: Automatic video embedding prevented by plugin options. --><br \/>\nEl incidente se produjo en la tarde del viernes en la intersecci\u00f3n de Avenida 11 de Septiembre y Av. Espa\u00f1a cuando efectivos policiales de la comisar\u00eda y de la Polic\u00eda Local identificaron a tres hombres de 24, 25 y 28 a\u00f1os oriundo de la localidad de Grand Bourg en el gran Buenos Aires que se hallaban en estado de ebriedad. <\/p>\n<p>Lo cierto es que estas personas se tornaron agresivos contra los uniformados, comenzando un forcejeo por lo que fueron aprehendidos. Como consecuencia de ellos, todos los participantes del hecho resultaron con lesiones leves. <\/p>\n<p>En tanto que el auto, un Renault 21 color azul, fue secuestrado y qued\u00f3 a disposici\u00f3n del Juzgado de Faltas. <\/p>\n<p>Al tiempo que los imputados fueron alojados en la comisar\u00eda local y en el d\u00eda de hoy recuperaron la libertad.<\/p>\n","protected":false},"excerpt":{"rendered":"<p>El incidente se produjo en la tarde del viernes en la intersecci\u00f3n de Avenida 11 de Septiembre y Av. Espa\u00f1a cuando efectivos policiales de la comisar\u00eda y de la Polic\u00eda Local identificaron a tres hombres de 24, 25 y 28 a\u00f1os oriundo de la localidad de Grand Bourg en el gran Buenos Aires que se [&hellip;]<\/p>\n","protected":false},"author":4,"featured_media":10789,"comment_status":"open","ping_status":"closed","sticky":false,"template":"","format":"standard","meta":{"om_disable_all_campaigns":false,"_jetpack_memberships_contains_paid_content":false,"footnotes":""},"categories":[50,2,103],"tags":[],"class_list":["post-17379","post","type-post","status-publish","format-standard","has-post-thumbnail","hentry","category-destacadas","category-locales","category-policiales-locales"],"aioseo_notices":[],"gutentor_comment":0,"jetpack_featured_media_url":"https:\/\/eldiariodesanpedro.com.ar\/sitio\/wp-content\/uploads\/2016\/11\/policia-detenidos.jpg","jetpack_shortlink":"https:\/\/wp.me\/p6RhLt-4wj","jetpack_sharing_enabled":true,"_links":{"self":[{"href":"https:\/\/eldiariodesanpedro.com.ar\/sitio\/wp-json\/wp\/v2\/posts\/17379","targetHints":{"allow":["GET"]}}],"collection":[{"href":"https:\/\/eldiariodesanpedro.com.ar\/sitio\/wp-json\/wp\/v2\/posts"}],"about":[{"href":"https:\/\/eldiariodesanpedro.com.ar\/sitio\/wp-json\/wp\/v2\/types\/post"}],"author":[{"embeddable":true,"href":"https:\/\/eldiariodesanpedro.com.ar\/sitio\/wp-json\/wp\/v2\/users\/4"}],"replies":[{"embeddable":true,"href":"https:\/\/eldiariodesanpedro.com.ar\/sitio\/wp-json\/wp\/v2\/comments?post=17379"}],"version-history":[{"count":1,"href":"https:\/\/eldiariodesanpedro.com.ar\/sitio\/wp-json\/wp\/v2\/posts\/17379\/revisions"}],"predecessor-version":[{"id":17382,"href":"https:\/\/eldiariodesanpedro.com.ar\/sitio\/wp-json\/wp\/v2\/posts\/17379\/revisions\/17382"}],"wp:featuredmedia":[{"embeddable":true,"href":"https:\/\/eldiariodesanpedro.com.ar\/sitio\/wp-json\/wp\/v2\/media\/10789"}],"wp:attachment":[{"href":"https:\/\/eldiariodesanpedro.com.ar\/sitio\/wp-json\/wp\/v2\/media?parent=17379"}],"wp:term":[{"taxonomy":"category","embeddable":true,"href":"https:\/\/eldiariodesanpedro.com.ar\/sitio\/wp-json\/wp\/v2\/categories?post=17379"},{"taxonomy":"post_tag","embeddable":true,"href":"https:\/\/eldiariodesanpedro.com.ar\/sitio\/wp-json\/wp\/v2\/tags?post=17379"}],"curies":[{"name":"wp","href":"https:\/\/api.w.org\/{rel}","templated":true}]}}