{"id":17377,"date":"2017-04-16T18:38:14","date_gmt":"2017-04-16T21:38:14","guid":{"rendered":"https:\/\/eldiariodesanpedro.com.ar\/sitio\/?p=17377"},"modified":"2017-04-16T18:38:14","modified_gmt":"2017-04-16T21:38:14","slug":"motochorros-armados-robaron-a-una-joven-sus-pertenencias","status":"publish","type":"post","link":"https:\/\/eldiariodesanpedro.com.ar\/sitio\/motochorros-armados-robaron-a-una-joven-sus-pertenencias\/","title":{"rendered":"Motochorros armados robaron a una joven sus pertenencias"},"content":{"rendered":"<p><!-- VideographyWP Plugin Message: Automatic video embedding prevented by plugin options. --><br \/>\nOcurri\u00f3 en la ma\u00f1ana de hoy, cerca de las 6.30 en Aul\u00ed y Belgrano. La v\u00edctima, una joven de 17 a\u00f1os, caminaba por la v\u00eda p\u00fablica cuando fue sorprendida por 3 malvivientes que tras intimidarlas con un arma de fuego le robaron la cartera y el celular. Intervino UFI 11 san Pedro<\/p>\n","protected":false},"excerpt":{"rendered":"<p>Ocurri\u00f3 en la ma\u00f1ana de hoy, cerca de las 6.30 en Aul\u00ed y Belgrano. La v\u00edctima, una joven de 17 a\u00f1os, caminaba por la v\u00eda p\u00fablica cuando fue sorprendida por 3 malvivientes que tras intimidarlas con un arma de fuego le robaron la cartera y el celular. Intervino UFI 11 san Pedro<\/p>\n","protected":false},"author":4,"featured_media":16689,"comment_status":"open","ping_status":"closed","sticky":false,"template":"","format":"standard","meta":{"om_disable_all_campaigns":false,"_jetpack_memberships_contains_paid_content":false,"footnotes":""},"categories":[2,103],"tags":[],"class_list":["post-17377","post","type-post","status-publish","format-standard","has-post-thumbnail","hentry","category-locales","category-policiales-locales"],"aioseo_notices":[],"gutentor_comment":0,"jetpack_featured_media_url":"https:\/\/eldiariodesanpedro.com.ar\/sitio\/wp-content\/uploads\/2017\/03\/motochorro.jpg","jetpack_shortlink":"https:\/\/wp.me\/p6RhLt-4wh","jetpack_sharing_enabled":true,"_links":{"self":[{"href":"https:\/\/eldiariodesanpedro.com.ar\/sitio\/wp-json\/wp\/v2\/posts\/17377","targetHints":{"allow":["GET"]}}],"collection":[{"href":"https:\/\/eldiariodesanpedro.com.ar\/sitio\/wp-json\/wp\/v2\/posts"}],"about":[{"href":"https:\/\/eldiariodesanpedro.com.ar\/sitio\/wp-json\/wp\/v2\/types\/post"}],"author":[{"embeddable":true,"href":"https:\/\/eldiariodesanpedro.com.ar\/sitio\/wp-json\/wp\/v2\/users\/4"}],"replies":[{"embeddable":true,"href":"https:\/\/eldiariodesanpedro.com.ar\/sitio\/wp-json\/wp\/v2\/comments?post=17377"}],"version-history":[{"count":1,"href":"https:\/\/eldiariodesanpedro.com.ar\/sitio\/wp-json\/wp\/v2\/posts\/17377\/revisions"}],"predecessor-version":[{"id":17380,"href":"https:\/\/eldiariodesanpedro.com.ar\/sitio\/wp-json\/wp\/v2\/posts\/17377\/revisions\/17380"}],"wp:featuredmedia":[{"embeddable":true,"href":"https:\/\/eldiariodesanpedro.com.ar\/sitio\/wp-json\/wp\/v2\/media\/16689"}],"wp:attachment":[{"href":"https:\/\/eldiariodesanpedro.com.ar\/sitio\/wp-json\/wp\/v2\/media?parent=17377"}],"wp:term":[{"taxonomy":"category","embeddable":true,"href":"https:\/\/eldiariodesanpedro.com.ar\/sitio\/wp-json\/wp\/v2\/categories?post=17377"},{"taxonomy":"post_tag","embeddable":true,"href":"https:\/\/eldiariodesanpedro.com.ar\/sitio\/wp-json\/wp\/v2\/tags?post=17377"}],"curies":[{"name":"wp","href":"https:\/\/api.w.org\/{rel}","templated":true}]}}