{"id":17376,"date":"2017-04-16T18:36:34","date_gmt":"2017-04-16T21:36:34","guid":{"rendered":"https:\/\/eldiariodesanpedro.com.ar\/sitio\/?p=17376"},"modified":"2017-04-16T18:36:34","modified_gmt":"2017-04-16T21:36:34","slug":"un-hombre-ingreso-a-la-guardia-con-greves-lesiones","status":"publish","type":"post","link":"https:\/\/eldiariodesanpedro.com.ar\/sitio\/un-hombre-ingreso-a-la-guardia-con-greves-lesiones\/","title":{"rendered":"Un hombre ingres\u00f3 a la Guardia con greves lesiones"},"content":{"rendered":"<p><!-- VideographyWP Plugin Message: Automatic video embedding prevented by plugin options. --><br \/>\nEl sujeto ingres\u00f3 al nosocomio local por sus propios medios, donde se pudo constatar que hab\u00eda sufrido una herida de arma blanca.<\/p>\n<p>Seg\u00fan se pudo establecer, hab\u00eda protagonizado una ri\u00f1a en Javier Rivero y G\u00fcemes, donde la otra persona con la que se enfrent\u00f3 le propin\u00f3 varios puntazos, produci\u00e9ndole heridas punzo cortantes en el abdomen y debajo de la axila.<\/p>\n","protected":false},"excerpt":{"rendered":"<p>El sujeto ingres\u00f3 al nosocomio local por sus propios medios, donde se pudo constatar que hab\u00eda sufrido una herida de arma blanca. Seg\u00fan se pudo establecer, hab\u00eda protagonizado una ri\u00f1a en Javier Rivero y G\u00fcemes, donde la otra persona con la que se enfrent\u00f3 le propin\u00f3 varios puntazos, produci\u00e9ndole heridas punzo cortantes en el abdomen [&hellip;]<\/p>\n","protected":false},"author":4,"featured_media":8004,"comment_status":"open","ping_status":"closed","sticky":false,"template":"","format":"standard","meta":{"om_disable_all_campaigns":false,"_jetpack_memberships_contains_paid_content":false,"footnotes":""},"categories":[2,103],"tags":[],"class_list":["post-17376","post","type-post","status-publish","format-standard","has-post-thumbnail","hentry","category-locales","category-policiales-locales"],"aioseo_notices":[],"gutentor_comment":0,"jetpack_featured_media_url":"https:\/\/eldiariodesanpedro.com.ar\/sitio\/wp-content\/uploads\/2016\/09\/PAGINA-3-7.jpg","jetpack_shortlink":"https:\/\/wp.me\/p6RhLt-4wg","jetpack_sharing_enabled":true,"_links":{"self":[{"href":"https:\/\/eldiariodesanpedro.com.ar\/sitio\/wp-json\/wp\/v2\/posts\/17376","targetHints":{"allow":["GET"]}}],"collection":[{"href":"https:\/\/eldiariodesanpedro.com.ar\/sitio\/wp-json\/wp\/v2\/posts"}],"about":[{"href":"https:\/\/eldiariodesanpedro.com.ar\/sitio\/wp-json\/wp\/v2\/types\/post"}],"author":[{"embeddable":true,"href":"https:\/\/eldiariodesanpedro.com.ar\/sitio\/wp-json\/wp\/v2\/users\/4"}],"replies":[{"embeddable":true,"href":"https:\/\/eldiariodesanpedro.com.ar\/sitio\/wp-json\/wp\/v2\/comments?post=17376"}],"version-history":[{"count":1,"href":"https:\/\/eldiariodesanpedro.com.ar\/sitio\/wp-json\/wp\/v2\/posts\/17376\/revisions"}],"predecessor-version":[{"id":17378,"href":"https:\/\/eldiariodesanpedro.com.ar\/sitio\/wp-json\/wp\/v2\/posts\/17376\/revisions\/17378"}],"wp:featuredmedia":[{"embeddable":true,"href":"https:\/\/eldiariodesanpedro.com.ar\/sitio\/wp-json\/wp\/v2\/media\/8004"}],"wp:attachment":[{"href":"https:\/\/eldiariodesanpedro.com.ar\/sitio\/wp-json\/wp\/v2\/media?parent=17376"}],"wp:term":[{"taxonomy":"category","embeddable":true,"href":"https:\/\/eldiariodesanpedro.com.ar\/sitio\/wp-json\/wp\/v2\/categories?post=17376"},{"taxonomy":"post_tag","embeddable":true,"href":"https:\/\/eldiariodesanpedro.com.ar\/sitio\/wp-json\/wp\/v2\/tags?post=17376"}],"curies":[{"name":"wp","href":"https:\/\/api.w.org\/{rel}","templated":true}]}}