{"id":17371,"date":"2017-04-13T12:39:00","date_gmt":"2017-04-13T15:39:00","guid":{"rendered":"https:\/\/eldiariodesanpedro.com.ar\/sitio\/?p=17371"},"modified":"2026-01-24T00:26:41","modified_gmt":"2026-01-24T03:26:41","slug":"homenaje-silvio-velo-fue-homenajeado-en-el-instituto-roman-rosell","status":"publish","type":"post","link":"https:\/\/eldiariodesanpedro.com.ar\/sitio\/homenaje-silvio-velo-fue-homenajeado-en-el-instituto-roman-rosell\/","title":{"rendered":"HOMENAJE: Silvio Velo fue homenajeado en el Instituto Rom\u00e1n Rosell"},"content":{"rendered":"<p><!-- VideographyWP Plugin Message: Automatic video embedding prevented by plugin options. --><br \/>\n  Un emblema del deporte paral\u00edmpico que sigue sumando homenajes. En el marco del Ciclo de Conferencias 2017 organizado por la Secretar\u00eda Nacional de Ni\u00f1ez, Adolescencia y Familia, entregaron un nuevo reconocimiento para Silvio Velo.<\/p>\n<p>  Fue en el Instituto Rom\u00e1n Rosell (Int. Tomkinson 2300, San Isidro) en el comienzo del Ciclo, adem\u00e1s se inaugur\u00f3 el Corredor de Personalidades Destacadas de la Instituci\u00f3n y se descubri\u00f3 una placa en reconocimiento al ex alumno Silvio Velo, por su trayectoria internacional como Capit\u00e1n de Los Murci\u00e9lagos, la Selecci\u00f3n Argentina de f\u00fatbol para ciegos.<\/p>\n","protected":false},"excerpt":{"rendered":"<p>Un emblema del deporte paral\u00edmpico que sigue sumando homenajes. En el marco del Ciclo de Conferencias 2017 organizado por la Secretar\u00eda Nacional de Ni\u00f1ez, Adolescencia y Familia, entregaron un nuevo reconocimiento para Silvio Velo. Fue en el Instituto Rom\u00e1n Rosell (Int. Tomkinson 2300, San Isidro) en el comienzo del Ciclo, adem\u00e1s se inaugur\u00f3 el Corredor [&hellip;]<\/p>\n","protected":false},"author":4,"featured_media":17373,"comment_status":"open","ping_status":"closed","sticky":false,"template":"","format":"standard","meta":{"om_disable_all_campaigns":false,"_jetpack_memberships_contains_paid_content":false,"footnotes":""},"categories":[5],"tags":[],"class_list":["post-17371","post","type-post","status-publish","format-standard","has-post-thumbnail","hentry","category-deportes"],"aioseo_notices":[],"gutentor_comment":0,"jetpack_featured_media_url":"https:\/\/eldiariodesanpedro.com.ar\/sitio\/wp-content\/uploads\/2017\/04\/Silvio-Velo.jpg","jetpack_shortlink":"https:\/\/wp.me\/p6RhLt-4wb","jetpack_sharing_enabled":true,"_links":{"self":[{"href":"https:\/\/eldiariodesanpedro.com.ar\/sitio\/wp-json\/wp\/v2\/posts\/17371","targetHints":{"allow":["GET"]}}],"collection":[{"href":"https:\/\/eldiariodesanpedro.com.ar\/sitio\/wp-json\/wp\/v2\/posts"}],"about":[{"href":"https:\/\/eldiariodesanpedro.com.ar\/sitio\/wp-json\/wp\/v2\/types\/post"}],"author":[{"embeddable":true,"href":"https:\/\/eldiariodesanpedro.com.ar\/sitio\/wp-json\/wp\/v2\/users\/4"}],"replies":[{"embeddable":true,"href":"https:\/\/eldiariodesanpedro.com.ar\/sitio\/wp-json\/wp\/v2\/comments?post=17371"}],"version-history":[{"count":1,"href":"https:\/\/eldiariodesanpedro.com.ar\/sitio\/wp-json\/wp\/v2\/posts\/17371\/revisions"}],"predecessor-version":[{"id":17374,"href":"https:\/\/eldiariodesanpedro.com.ar\/sitio\/wp-json\/wp\/v2\/posts\/17371\/revisions\/17374"}],"wp:featuredmedia":[{"embeddable":true,"href":"https:\/\/eldiariodesanpedro.com.ar\/sitio\/wp-json\/wp\/v2\/media\/17373"}],"wp:attachment":[{"href":"https:\/\/eldiariodesanpedro.com.ar\/sitio\/wp-json\/wp\/v2\/media?parent=17371"}],"wp:term":[{"taxonomy":"category","embeddable":true,"href":"https:\/\/eldiariodesanpedro.com.ar\/sitio\/wp-json\/wp\/v2\/categories?post=17371"},{"taxonomy":"post_tag","embeddable":true,"href":"https:\/\/eldiariodesanpedro.com.ar\/sitio\/wp-json\/wp\/v2\/tags?post=17371"}],"curies":[{"name":"wp","href":"https:\/\/api.w.org\/{rel}","templated":true}]}}