{"id":17368,"date":"2017-04-13T12:37:36","date_gmt":"2017-04-13T15:37:36","guid":{"rendered":"https:\/\/eldiariodesanpedro.com.ar\/sitio\/?p=17368"},"modified":"2026-01-24T00:26:41","modified_gmt":"2026-01-24T03:26:41","slug":"formula-fic-este-sabado-se-corre-la-ramallo-san-pedro","status":"publish","type":"post","link":"https:\/\/eldiariodesanpedro.com.ar\/sitio\/formula-fic-este-sabado-se-corre-la-ramallo-san-pedro\/","title":{"rendered":"FORMULA FIC: Este s\u00e1bado se corre la \u2018Ramallo-San Pedro\u2019"},"content":{"rendered":"<p><!-- VideographyWP Plugin Message: Automatic video embedding prevented by plugin options. --><br \/>\n  Con la organizaci\u00f3n del Club de Vela Barlovento de Ramallo, se correr\u00e1 el pr\u00f3ximo s\u00e1bado 15 de abril la segunda fecha del calendario de 2017 de la Formula FIC del Club N\u00e1utico San Pedro. La Regata Crucero Ramallo &#8211; San Pedro se largar\u00e1 a las 10 hs. y la entrega de premios se realizar\u00e1 en las instalaciones del Club.<\/p>\n","protected":false},"excerpt":{"rendered":"<p>Con la organizaci\u00f3n del Club de Vela Barlovento de Ramallo, se correr\u00e1 el pr\u00f3ximo s\u00e1bado 15 de abril la segunda fecha del calendario de 2017 de la Formula FIC del Club N\u00e1utico San Pedro. La Regata Crucero Ramallo &#8211; San Pedro se largar\u00e1 a las 10 hs. y la entrega de premios se realizar\u00e1 en [&hellip;]<\/p>\n","protected":false},"author":4,"featured_media":17370,"comment_status":"open","ping_status":"closed","sticky":false,"template":"","format":"standard","meta":{"om_disable_all_campaigns":false,"_jetpack_memberships_contains_paid_content":false,"footnotes":""},"categories":[5],"tags":[],"class_list":["post-17368","post","type-post","status-publish","format-standard","has-post-thumbnail","hentry","category-deportes"],"aioseo_notices":[],"gutentor_comment":0,"jetpack_featured_media_url":"https:\/\/eldiariodesanpedro.com.ar\/sitio\/wp-content\/uploads\/2017\/04\/formula-fic.jpg","jetpack_shortlink":"https:\/\/wp.me\/p6RhLt-4w8","jetpack_sharing_enabled":true,"_links":{"self":[{"href":"https:\/\/eldiariodesanpedro.com.ar\/sitio\/wp-json\/wp\/v2\/posts\/17368","targetHints":{"allow":["GET"]}}],"collection":[{"href":"https:\/\/eldiariodesanpedro.com.ar\/sitio\/wp-json\/wp\/v2\/posts"}],"about":[{"href":"https:\/\/eldiariodesanpedro.com.ar\/sitio\/wp-json\/wp\/v2\/types\/post"}],"author":[{"embeddable":true,"href":"https:\/\/eldiariodesanpedro.com.ar\/sitio\/wp-json\/wp\/v2\/users\/4"}],"replies":[{"embeddable":true,"href":"https:\/\/eldiariodesanpedro.com.ar\/sitio\/wp-json\/wp\/v2\/comments?post=17368"}],"version-history":[{"count":1,"href":"https:\/\/eldiariodesanpedro.com.ar\/sitio\/wp-json\/wp\/v2\/posts\/17368\/revisions"}],"predecessor-version":[{"id":17372,"href":"https:\/\/eldiariodesanpedro.com.ar\/sitio\/wp-json\/wp\/v2\/posts\/17368\/revisions\/17372"}],"wp:featuredmedia":[{"embeddable":true,"href":"https:\/\/eldiariodesanpedro.com.ar\/sitio\/wp-json\/wp\/v2\/media\/17370"}],"wp:attachment":[{"href":"https:\/\/eldiariodesanpedro.com.ar\/sitio\/wp-json\/wp\/v2\/media?parent=17368"}],"wp:term":[{"taxonomy":"category","embeddable":true,"href":"https:\/\/eldiariodesanpedro.com.ar\/sitio\/wp-json\/wp\/v2\/categories?post=17368"},{"taxonomy":"post_tag","embeddable":true,"href":"https:\/\/eldiariodesanpedro.com.ar\/sitio\/wp-json\/wp\/v2\/tags?post=17368"}],"curies":[{"name":"wp","href":"https:\/\/api.w.org\/{rel}","templated":true}]}}