{"id":17365,"date":"2017-04-13T12:35:18","date_gmt":"2017-04-13T15:35:18","guid":{"rendered":"https:\/\/eldiariodesanpedro.com.ar\/sitio\/?p=17365"},"modified":"2026-01-24T00:26:41","modified_gmt":"2026-01-24T03:26:41","slug":"voley-femenino-nautico-paso-de-ronda","status":"publish","type":"post","link":"https:\/\/eldiariodesanpedro.com.ar\/sitio\/voley-femenino-nautico-paso-de-ronda\/","title":{"rendered":"VOLEY FEMENINO: N\u00e1utico pas\u00f3 de ronda"},"content":{"rendered":"<p><!-- VideographyWP Plugin Message: Automatic video embedding prevented by plugin options. --><br \/>\n  En Pergamino, los equipos femeninos participaron de la 1ra fase clasificatoria para la Liga Provincial Bonaerense. Los equipos dirigidos por Silvana Brambilla y Juliana Kurlat fueron en categor\u00edas Sub 15 y Sub 19.<\/p>\n<p>  En el fin de semana (7, 8 y 9 de abril) a puro V\u00f3ley el plantel sub 15 conformado por jugadoras que ya ven\u00edan de la categor\u00eda, y chicas que se suman de las categor\u00edas menores no lograron pasar de fase, quedando en el puesto 12.<\/p>\n<p>  Jugadoras sub 15: Malena Anduaga(c), Malena Troilo, Luciana Laiseca, Mirada Victoria, Valentina Machado, Candelaria Terr\u00e9, Agustina Grabovieski y Juana O\u2019Riordon. Entrenadora: Juliana Kurlat.<\/p>\n<p>  El plantel sub 19 tuvo un buen comienzo, ganando los dos partidos del d\u00eda viernes contra Baradero y Club Sirio Liban\u00e9s de Pergamino, los dos por 3-0. El segundo d\u00eda no fue el mejor, perdiendo los dos partidos restantes de la zona contra Ensenada y Gimnasia y Esgrima de Pergamino (equipo anfitri\u00f3n de la Li.Pro.Bo). Ese mismo s\u00e1bado, N\u00e1utico tuvo la baja de una de sus jugadoras por un fuerte golpe en el codo lo que la oblig\u00f3 a dejar la cancha y otra de sus jugadoras enferma. En La semifinal del d\u00eda domingo, las chicas no pudieron contra Sirio, equipo al que le hab\u00eda ganado 3-0 el d\u00eda viernes, y cay\u00f3 por el 3er puesto contra Gimnasia quedando en 4to lugar en la general, pero que les otorga el pase directo a la 2da fase de la Li.Pro.Bo.  <\/p>\n","protected":false},"excerpt":{"rendered":"<p>En Pergamino, los equipos femeninos participaron de la 1ra fase clasificatoria para la Liga Provincial Bonaerense. Los equipos dirigidos por Silvana Brambilla y Juliana Kurlat fueron en categor\u00edas Sub 15 y Sub 19. En el fin de semana (7, 8 y 9 de abril) a puro V\u00f3ley el plantel sub 15 conformado por jugadoras que [&hellip;]<\/p>\n","protected":false},"author":4,"featured_media":17367,"comment_status":"open","ping_status":"closed","sticky":false,"template":"","format":"standard","meta":{"om_disable_all_campaigns":false,"_jetpack_memberships_contains_paid_content":false,"footnotes":""},"categories":[5],"tags":[],"class_list":["post-17365","post","type-post","status-publish","format-standard","has-post-thumbnail","hentry","category-deportes"],"aioseo_notices":[],"gutentor_comment":0,"jetpack_featured_media_url":"https:\/\/eldiariodesanpedro.com.ar\/sitio\/wp-content\/uploads\/2017\/04\/foto-1-15-04-17.jpg","jetpack_shortlink":"https:\/\/wp.me\/p6RhLt-4w5","jetpack_sharing_enabled":true,"_links":{"self":[{"href":"https:\/\/eldiariodesanpedro.com.ar\/sitio\/wp-json\/wp\/v2\/posts\/17365","targetHints":{"allow":["GET"]}}],"collection":[{"href":"https:\/\/eldiariodesanpedro.com.ar\/sitio\/wp-json\/wp\/v2\/posts"}],"about":[{"href":"https:\/\/eldiariodesanpedro.com.ar\/sitio\/wp-json\/wp\/v2\/types\/post"}],"author":[{"embeddable":true,"href":"https:\/\/eldiariodesanpedro.com.ar\/sitio\/wp-json\/wp\/v2\/users\/4"}],"replies":[{"embeddable":true,"href":"https:\/\/eldiariodesanpedro.com.ar\/sitio\/wp-json\/wp\/v2\/comments?post=17365"}],"version-history":[{"count":1,"href":"https:\/\/eldiariodesanpedro.com.ar\/sitio\/wp-json\/wp\/v2\/posts\/17365\/revisions"}],"predecessor-version":[{"id":17369,"href":"https:\/\/eldiariodesanpedro.com.ar\/sitio\/wp-json\/wp\/v2\/posts\/17365\/revisions\/17369"}],"wp:featuredmedia":[{"embeddable":true,"href":"https:\/\/eldiariodesanpedro.com.ar\/sitio\/wp-json\/wp\/v2\/media\/17367"}],"wp:attachment":[{"href":"https:\/\/eldiariodesanpedro.com.ar\/sitio\/wp-json\/wp\/v2\/media?parent=17365"}],"wp:term":[{"taxonomy":"category","embeddable":true,"href":"https:\/\/eldiariodesanpedro.com.ar\/sitio\/wp-json\/wp\/v2\/categories?post=17365"},{"taxonomy":"post_tag","embeddable":true,"href":"https:\/\/eldiariodesanpedro.com.ar\/sitio\/wp-json\/wp\/v2\/tags?post=17365"}],"curies":[{"name":"wp","href":"https:\/\/api.w.org\/{rel}","templated":true}]}}