{"id":17363,"date":"2017-04-13T12:32:38","date_gmt":"2017-04-13T15:32:38","guid":{"rendered":"https:\/\/eldiariodesanpedro.com.ar\/sitio\/?p=17363"},"modified":"2026-01-24T00:26:41","modified_gmt":"2026-01-24T03:26:41","slug":"futbol-infantil-el-sabado-15-la-3ra-fecha-del-torneo-apertura","status":"publish","type":"post","link":"https:\/\/eldiariodesanpedro.com.ar\/sitio\/futbol-infantil-el-sabado-15-la-3ra-fecha-del-torneo-apertura\/","title":{"rendered":"F\u00daTBOL INFANTIL: El S\u00e1bado 15, la 3ra fecha del Torneo Apertura"},"content":{"rendered":"<p><!-- VideographyWP Plugin Message: Automatic video embedding prevented by plugin options. --><br \/>\n  Los horarios para la tercera jornada a jugarse este s\u00e1bado son los siguientes:<\/p>\n<p><strong>12.00 hs.<\/strong><br \/>\nV. Igoillo vs. Rivadavia<\/p>\n<p><strong>13.00 hs.<\/strong><br \/>\nEl Tanque vs. Am\u00e9rica<br \/>\nCosta Azul vs. Paran\u00e1 F.C.<br \/>\nSportivo vs. El Porvenir<br \/>\nRacing vs. Independiente<br \/>\nC. C\u00f3rdoba vs. Independencia F.C.<br \/>\nSan Roque vs. C.A. Mitre<br \/>\nGral. San Mart\u00edn vs. Los Andes<br \/>\nDef. Unidos vs. Atl\u00e9tico<br \/>\nDep. Alsina vs. Fundici\u00f3n<br \/>\nAgricultores vs. Pescadores<br \/>\nLibre:\tCastro F.C.<\/p>\n","protected":false},"excerpt":{"rendered":"<p>Los horarios para la tercera jornada a jugarse este s\u00e1bado son los siguientes: 12.00 hs. V. Igoillo vs. Rivadavia 13.00 hs. El Tanque vs. Am\u00e9rica Costa Azul vs. Paran\u00e1 F.C. Sportivo vs. El Porvenir Racing vs. Independiente C. C\u00f3rdoba vs. Independencia F.C. San Roque vs. C.A. Mitre Gral. San Mart\u00edn vs. Los Andes Def. Unidos [&hellip;]<\/p>\n","protected":false},"author":4,"featured_media":3872,"comment_status":"open","ping_status":"closed","sticky":false,"template":"","format":"standard","meta":{"om_disable_all_campaigns":false,"_jetpack_memberships_contains_paid_content":false,"footnotes":""},"categories":[5],"tags":[],"class_list":["post-17363","post","type-post","status-publish","format-standard","has-post-thumbnail","hentry","category-deportes"],"aioseo_notices":[],"gutentor_comment":0,"jetpack_featured_media_url":"https:\/\/eldiariodesanpedro.com.ar\/sitio\/wp-content\/uploads\/2016\/05\/futbol_infantil_1024x768_1.jpg","jetpack_shortlink":"https:\/\/wp.me\/p6RhLt-4w3","jetpack_sharing_enabled":true,"_links":{"self":[{"href":"https:\/\/eldiariodesanpedro.com.ar\/sitio\/wp-json\/wp\/v2\/posts\/17363","targetHints":{"allow":["GET"]}}],"collection":[{"href":"https:\/\/eldiariodesanpedro.com.ar\/sitio\/wp-json\/wp\/v2\/posts"}],"about":[{"href":"https:\/\/eldiariodesanpedro.com.ar\/sitio\/wp-json\/wp\/v2\/types\/post"}],"author":[{"embeddable":true,"href":"https:\/\/eldiariodesanpedro.com.ar\/sitio\/wp-json\/wp\/v2\/users\/4"}],"replies":[{"embeddable":true,"href":"https:\/\/eldiariodesanpedro.com.ar\/sitio\/wp-json\/wp\/v2\/comments?post=17363"}],"version-history":[{"count":1,"href":"https:\/\/eldiariodesanpedro.com.ar\/sitio\/wp-json\/wp\/v2\/posts\/17363\/revisions"}],"predecessor-version":[{"id":17366,"href":"https:\/\/eldiariodesanpedro.com.ar\/sitio\/wp-json\/wp\/v2\/posts\/17363\/revisions\/17366"}],"wp:featuredmedia":[{"embeddable":true,"href":"https:\/\/eldiariodesanpedro.com.ar\/sitio\/wp-json\/wp\/v2\/media\/3872"}],"wp:attachment":[{"href":"https:\/\/eldiariodesanpedro.com.ar\/sitio\/wp-json\/wp\/v2\/media?parent=17363"}],"wp:term":[{"taxonomy":"category","embeddable":true,"href":"https:\/\/eldiariodesanpedro.com.ar\/sitio\/wp-json\/wp\/v2\/categories?post=17363"},{"taxonomy":"post_tag","embeddable":true,"href":"https:\/\/eldiariodesanpedro.com.ar\/sitio\/wp-json\/wp\/v2\/tags?post=17363"}],"curies":[{"name":"wp","href":"https:\/\/api.w.org\/{rel}","templated":true}]}}