{"id":17357,"date":"2017-04-13T12:31:31","date_gmt":"2017-04-13T15:31:31","guid":{"rendered":"https:\/\/eldiariodesanpedro.com.ar\/sitio\/?p=17357"},"modified":"2026-01-24T00:26:42","modified_gmt":"2026-01-24T03:26:42","slug":"futbol-local-sin-cambios-en-la-programacion-de-la-3ra-fecha-del-apertura","status":"publish","type":"post","link":"https:\/\/eldiariodesanpedro.com.ar\/sitio\/futbol-local-sin-cambios-en-la-programacion-de-la-3ra-fecha-del-apertura\/","title":{"rendered":"F\u00daTBOL LOCAL: Sin cambios en la programaci\u00f3n de la 3ra fecha del Apertura"},"content":{"rendered":"<p><!-- VideographyWP Plugin Message: Automatic video embedding prevented by plugin options. --><br \/>\n  El Torneo Apertura \u00abPedro Barri\u00bb continuar\u00e1 este fin de semana, luego de dos suspensiones por lluvia, s\u00f3lo con las divisiones sexta, segunda y primera. <\/p>\n<p>  El \u00fanico cambio de d\u00eda de juego es para Sportivo ante Atl\u00e9tico, ya que el \u00abnegro\u00bb juega el s\u00e1bado por el Torneo Federal \u2018C\u2019 ante SOMISA en Baradero.<\/p>\n<p><strong>Partidos 3ra fecha y \u00e1rbitros <\/strong><\/p>\n<p>Domingo 16 de abril: 1ra, 2da y 6ta Divisi\u00f3n &#8211; 16.15 hs.\/14.30 hs. \/13.00 hs. <\/p>\n<p><em>Zona \u00abA\u00bb<\/em><br \/>\nIndependencia F. C. vs. C. A. Banfield. \u00c1rbitro: Daniel Guerrero<br \/>\nC. A. Mitre vs. La Esperanza. \u00c1rbitro: Nicol\u00e1s Salinas<\/p>\n<p><em>Zona \u00abB\u00bb<\/em><br \/>\nC. D. Central C\u00f3rdoba vs. C. S. Am\u00e9rica. \u00c1rbitro: Ariel P\u00e1ez<br \/>\nSan Roque F.C. vs. Paran\u00e1 F. C. \u00c1rbitro: Terna de Arrecifes o Pergamino<br \/>\nCl\u00e1sico: Agricultores Club vs. C. S. Las Palmeras. \u00c1rbitro: Francisco Lasca<\/p>\n<p><em>Zona \u00abC\u00bb<\/em><br \/>\nB. Rivadavia vs. Fundici\u00f3n FC. \u00c1rbitro: Marcos Santos<br \/>\nC. S. y D. I. Portela vs. Dep. Alsina. \u00c1rbitro: Joaqu\u00edn Gil<\/p>\n<p>Martes 18 de abril: 21.15 hs.\/19.30 hs.\/18.00 hs.<br \/>\nSportivo vs. Atl\u00e9tico. \u00c1rbitro: Javier Arias<\/p>\n<p><a href=\"https:\/\/eldiariodesanpedro.com.ar\/sitio\/wp-content\/uploads\/2017\/04\/deportes.png\"><img decoding=\"async\" data-attachment-id=\"17361\" data-permalink=\"https:\/\/eldiariodesanpedro.com.ar\/sitio\/futbol-local-sin-cambios-en-la-programacion-de-la-3ra-fecha-del-apertura\/deportes\/\" data-orig-file=\"https:\/\/eldiariodesanpedro.com.ar\/sitio\/wp-content\/uploads\/2017\/04\/deportes.png\" data-orig-size=\"1170,640\" data-comments-opened=\"1\" data-image-meta=\"{&quot;aperture&quot;:&quot;0&quot;,&quot;credit&quot;:&quot;&quot;,&quot;camera&quot;:&quot;&quot;,&quot;caption&quot;:&quot;&quot;,&quot;created_timestamp&quot;:&quot;0&quot;,&quot;copyright&quot;:&quot;&quot;,&quot;focal_length&quot;:&quot;0&quot;,&quot;iso&quot;:&quot;0&quot;,&quot;shutter_speed&quot;:&quot;0&quot;,&quot;title&quot;:&quot;&quot;,&quot;orientation&quot;:&quot;0&quot;}\" data-image-title=\"deportes\" data-image-description=\"\" data-image-caption=\"\" data-large-file=\"https:\/\/eldiariodesanpedro.com.ar\/sitio\/wp-content\/uploads\/2017\/04\/deportes-1024x560.png\" data-src=\"https:\/\/eldiariodesanpedro.com.ar\/sitio\/wp-content\/uploads\/2017\/04\/deportes-300x164.png\" alt=\"\" width=\"600\" height=\"328\" class=\"alignnone size-medium wp-image-17361 lazyload\" data-srcset=\"https:\/\/eldiariodesanpedro.com.ar\/sitio\/wp-content\/uploads\/2017\/04\/deportes-300x164.png 300w, https:\/\/eldiariodesanpedro.com.ar\/sitio\/wp-content\/uploads\/2017\/04\/deportes-768x420.png 768w, https:\/\/eldiariodesanpedro.com.ar\/sitio\/wp-content\/uploads\/2017\/04\/deportes-1024x560.png 1024w, https:\/\/eldiariodesanpedro.com.ar\/sitio\/wp-content\/uploads\/2017\/04\/deportes.png 1170w\" data-sizes=\"(max-width: 600px) 100vw, 600px\" src=\"data:image\/svg+xml;base64,PHN2ZyB3aWR0aD0iMSIgaGVpZ2h0PSIxIiB4bWxucz0iaHR0cDovL3d3dy53My5vcmcvMjAwMC9zdmciPjwvc3ZnPg==\" style=\"--smush-placeholder-width: 600px; --smush-placeholder-aspect-ratio: 600\/328;\" \/><\/a><\/p>\n","protected":false},"excerpt":{"rendered":"<p>El Torneo Apertura \u00abPedro Barri\u00bb continuar\u00e1 este fin de semana, luego de dos suspensiones por lluvia, s\u00f3lo con las divisiones sexta, segunda y primera. El \u00fanico cambio de d\u00eda de juego es para Sportivo ante Atl\u00e9tico, ya que el \u00abnegro\u00bb juega el s\u00e1bado por el Torneo Federal \u2018C\u2019 ante SOMISA en Baradero. Partidos 3ra fecha [&hellip;]<\/p>\n","protected":false},"author":4,"featured_media":12943,"comment_status":"open","ping_status":"closed","sticky":false,"template":"","format":"standard","meta":{"om_disable_all_campaigns":false,"_jetpack_memberships_contains_paid_content":false,"footnotes":""},"categories":[5],"tags":[],"class_list":["post-17357","post","type-post","status-publish","format-standard","has-post-thumbnail","hentry","category-deportes"],"aioseo_notices":[],"gutentor_comment":0,"jetpack_featured_media_url":"https:\/\/eldiariodesanpedro.com.ar\/sitio\/wp-content\/uploads\/2017\/01\/futbol.jpg","jetpack_shortlink":"https:\/\/wp.me\/p6RhLt-4vX","jetpack_sharing_enabled":true,"_links":{"self":[{"href":"https:\/\/eldiariodesanpedro.com.ar\/sitio\/wp-json\/wp\/v2\/posts\/17357","targetHints":{"allow":["GET"]}}],"collection":[{"href":"https:\/\/eldiariodesanpedro.com.ar\/sitio\/wp-json\/wp\/v2\/posts"}],"about":[{"href":"https:\/\/eldiariodesanpedro.com.ar\/sitio\/wp-json\/wp\/v2\/types\/post"}],"author":[{"embeddable":true,"href":"https:\/\/eldiariodesanpedro.com.ar\/sitio\/wp-json\/wp\/v2\/users\/4"}],"replies":[{"embeddable":true,"href":"https:\/\/eldiariodesanpedro.com.ar\/sitio\/wp-json\/wp\/v2\/comments?post=17357"}],"version-history":[{"count":2,"href":"https:\/\/eldiariodesanpedro.com.ar\/sitio\/wp-json\/wp\/v2\/posts\/17357\/revisions"}],"predecessor-version":[{"id":17364,"href":"https:\/\/eldiariodesanpedro.com.ar\/sitio\/wp-json\/wp\/v2\/posts\/17357\/revisions\/17364"}],"wp:featuredmedia":[{"embeddable":true,"href":"https:\/\/eldiariodesanpedro.com.ar\/sitio\/wp-json\/wp\/v2\/media\/12943"}],"wp:attachment":[{"href":"https:\/\/eldiariodesanpedro.com.ar\/sitio\/wp-json\/wp\/v2\/media?parent=17357"}],"wp:term":[{"taxonomy":"category","embeddable":true,"href":"https:\/\/eldiariodesanpedro.com.ar\/sitio\/wp-json\/wp\/v2\/categories?post=17357"},{"taxonomy":"post_tag","embeddable":true,"href":"https:\/\/eldiariodesanpedro.com.ar\/sitio\/wp-json\/wp\/v2\/tags?post=17357"}],"curies":[{"name":"wp","href":"https:\/\/api.w.org\/{rel}","templated":true}]}}