{"id":17355,"date":"2017-04-13T12:28:33","date_gmt":"2017-04-13T15:28:33","guid":{"rendered":"https:\/\/eldiariodesanpedro.com.ar\/sitio\/?p=17355"},"modified":"2017-04-13T12:28:33","modified_gmt":"2017-04-13T15:28:33","slug":"continua-el-alerta-roja-en-salto-nivel-estable-pero-se-espera-mucha-agua-de-rio-arriba","status":"publish","type":"post","link":"https:\/\/eldiariodesanpedro.com.ar\/sitio\/continua-el-alerta-roja-en-salto-nivel-estable-pero-se-espera-mucha-agua-de-rio-arriba\/","title":{"rendered":"Contin\u00faa el Alerta Roja en Salto: nivel estable, pero se espera mucha agua de r\u00edo arriba"},"content":{"rendered":"<p><!-- VideographyWP Plugin Message: Automatic video embedding prevented by plugin options. --><br \/>\n  Desde el Comit\u00e9 de Operaciones de Emergencias (COE) de la Municipalidad de Salto se hace saber que, al momento la crecida delo r\u00edo presenta una situaci\u00f3n de estabilidad desde hace algunas horas, puesto que no se han presentado variaciones de relevancia en la altura del efluente. Actualmente el nivel es de 8,17 metros.<\/p>\n<p>  No obstante ello, contin\u00faa en vigencia el estado de Alerta Roja decretado durante el mediod\u00eda del d\u00eda mi\u00e9rcoles por el Ejecutivo Municipal, habida cuenta que se espera que en las pr\u00f3ximas horas llegue una masa h\u00eddrica proveniente de los Distritos ubicados \u201cr\u00edo arriba\u201d (Col\u00f3n y Rojas).<\/p>\n<p>  Se recuerda a los vecinos que en caso de requerir asistencia durante las horas de la noche es posible comunicarse con la l\u00ednea de emergencias 100 del Cuerpo de Bomberos, sitio donde se centraliza la atenci\u00f3n de las demandas de los vecinos afectados.<\/p>\n<p>  En ese sentido informamos que se han dispuesto las guardias necesarias para poder ejecutar acciones, en caso de ser necesario, durante las pr\u00f3ximas horas.<\/p>\n<p>  Al momento de la emisi\u00f3n de este informe est\u00e1n habilitadas la totalidad de las rutas que circulan por el Partido de Salto. (http:\/\/fm2001salto.com.ar)<\/p>\n","protected":false},"excerpt":{"rendered":"<p>Desde el Comit\u00e9 de Operaciones de Emergencias (COE) de la Municipalidad de Salto se hace saber que, al momento la crecida delo r\u00edo presenta una situaci\u00f3n de estabilidad desde hace algunas horas, puesto que no se han presentado variaciones de relevancia en la altura del efluente. Actualmente el nivel es de 8,17 metros. No obstante [&hellip;]<\/p>\n","protected":false},"author":4,"featured_media":17358,"comment_status":"open","ping_status":"closed","sticky":false,"template":"","format":"standard","meta":{"om_disable_all_campaigns":false,"_jetpack_memberships_contains_paid_content":false,"footnotes":""},"categories":[621],"tags":[],"class_list":["post-17355","post","type-post","status-publish","format-standard","has-post-thumbnail","hentry","category-regionales"],"aioseo_notices":[],"gutentor_comment":0,"jetpack_featured_media_url":"https:\/\/eldiariodesanpedro.com.ar\/sitio\/wp-content\/uploads\/2017\/04\/continua-alerta-roja-en-Salto.jpg","jetpack_shortlink":"https:\/\/wp.me\/p6RhLt-4vV","jetpack_sharing_enabled":true,"_links":{"self":[{"href":"https:\/\/eldiariodesanpedro.com.ar\/sitio\/wp-json\/wp\/v2\/posts\/17355","targetHints":{"allow":["GET"]}}],"collection":[{"href":"https:\/\/eldiariodesanpedro.com.ar\/sitio\/wp-json\/wp\/v2\/posts"}],"about":[{"href":"https:\/\/eldiariodesanpedro.com.ar\/sitio\/wp-json\/wp\/v2\/types\/post"}],"author":[{"embeddable":true,"href":"https:\/\/eldiariodesanpedro.com.ar\/sitio\/wp-json\/wp\/v2\/users\/4"}],"replies":[{"embeddable":true,"href":"https:\/\/eldiariodesanpedro.com.ar\/sitio\/wp-json\/wp\/v2\/comments?post=17355"}],"version-history":[{"count":1,"href":"https:\/\/eldiariodesanpedro.com.ar\/sitio\/wp-json\/wp\/v2\/posts\/17355\/revisions"}],"predecessor-version":[{"id":17360,"href":"https:\/\/eldiariodesanpedro.com.ar\/sitio\/wp-json\/wp\/v2\/posts\/17355\/revisions\/17360"}],"wp:featuredmedia":[{"embeddable":true,"href":"https:\/\/eldiariodesanpedro.com.ar\/sitio\/wp-json\/wp\/v2\/media\/17358"}],"wp:attachment":[{"href":"https:\/\/eldiariodesanpedro.com.ar\/sitio\/wp-json\/wp\/v2\/media?parent=17355"}],"wp:term":[{"taxonomy":"category","embeddable":true,"href":"https:\/\/eldiariodesanpedro.com.ar\/sitio\/wp-json\/wp\/v2\/categories?post=17355"},{"taxonomy":"post_tag","embeddable":true,"href":"https:\/\/eldiariodesanpedro.com.ar\/sitio\/wp-json\/wp\/v2\/tags?post=17355"}],"curies":[{"name":"wp","href":"https:\/\/api.w.org\/{rel}","templated":true}]}}