{"id":17351,"date":"2017-04-13T12:25:12","date_gmt":"2017-04-13T15:25:12","guid":{"rendered":"https:\/\/eldiariodesanpedro.com.ar\/sitio\/?p=17351"},"modified":"2017-04-13T12:25:12","modified_gmt":"2017-04-13T15:25:12","slug":"baradero-atanor-si-las-importaciones-siguen-atacando-la-produccion-nacional-el-futuro-es-muy-triste","status":"publish","type":"post","link":"https:\/\/eldiariodesanpedro.com.ar\/sitio\/baradero-atanor-si-las-importaciones-siguen-atacando-la-produccion-nacional-el-futuro-es-muy-triste\/","title":{"rendered":"BARADERO, ATANOR: \u201cSi las importaciones siguen atacando la producci\u00f3n nacional el futuro es muy triste\u201d"},"content":{"rendered":"<p><!-- VideographyWP Plugin Message: Automatic video embedding prevented by plugin options. --><br \/>\n  Este mi\u00e9rcoles por la ma\u00f1ana el tesorero del Sindicato de Qu\u00edmicos y Petroqu\u00edmicos de esta zona N\u00e9stor Carrizo dialog\u00f3 en \u201c105.7 Tu Radio\u201d y brind\u00f3 detalles de c\u00f3mo sigue la situaci\u00f3n de los trabajadores de ATANOR, luego que ayer, nuevamente, no les permitieran ingresar a la planta.<\/p>\n<p>  Ya este martes anunciaron un paro general de qu\u00edmicos y petroqu\u00edmicos en toda la zona, afectando las plantas de Baradero, Z\u00e1rate, Campana y Gualeguaych\u00fa.<\/p>\n<p>  \u201cCuando nos dicen que el paro no es la soluci\u00f3n, preguntamos \u00bfQu\u00e9 otra alternativa nos queda?\u201d<\/p>\n<p>  En el d\u00eda de ayer se les inform\u00f3 que el expediente de la situaci\u00f3n hab\u00eda sido elevado al Gobierno Nacional.<\/p>\n<p>  \u201cSi esto avanza y las importaciones siguen atacando la producci\u00f3n nacional, el futuro es muy triste para los trabajadores, y no s\u00f3lo para los qu\u00edmicos, sino para todos los trabajadores\u201d<\/p>\n<p>  A su vez, Carrizo cont\u00f3 que se reunieron con la Intendente Fernanda Antonijevic luego del mediod\u00eda de ayer. Seg\u00fan lo relatado, la reuni\u00f3n tuvo un motivo central y Carrizo explic\u00f3 a qu\u00e9 se debe: \u201cquisi\u00e9ramos que intervenga el \u00e1rea de Medio Ambiente porque nosotros creemos que esta Planta es insegura por los qu\u00edmicos que han quedado dentro\u201d.<\/p>\n<p>  \u201cEstamos en la puerta de la f\u00e1brica, y no descartamos poner una carpa en la plaza principal\u201d<\/p>\n<p>  Respecto de la colocaci\u00f3n de la carpa afirm\u00f3 \u201cser\u00eda un error volver a reprimir a trabajadores reclamando, aunque a esta altura no nos puede sorprender nada\u201d. Y aclar\u00f3 que la Intendente le dio su palabra, que la Polic\u00eda no intervendr\u00e1.<\/p>\n<p>  Por otra parte, el representante de los trabajadores qu\u00edmicos cont\u00f3 que algunos trabajadores de ATANOR hab\u00edan recibido llamadas de un representante de la empresa para que se acercaran a un estudio jur\u00eddico a firmar un acuerdo y posterior entrega de un subsidio. \u201cEsto es un enga\u00f1o, porque la empresa no entrega subsidios, sino que lo hace el Estado\u201d.<\/p>\n<p>  Debido a esto, explic\u00f3 \u201csi el trabajador firma un acuerdo no puede realizar reclamos futuros\u201d. (Tu L\u00ednea Directa)<\/p>\n","protected":false},"excerpt":{"rendered":"<p>Este mi\u00e9rcoles por la ma\u00f1ana el tesorero del Sindicato de Qu\u00edmicos y Petroqu\u00edmicos de esta zona N\u00e9stor Carrizo dialog\u00f3 en \u201c105.7 Tu Radio\u201d y brind\u00f3 detalles de c\u00f3mo sigue la situaci\u00f3n de los trabajadores de ATANOR, luego que ayer, nuevamente, no les permitieran ingresar a la planta. Ya este martes anunciaron un paro general de [&hellip;]<\/p>\n","protected":false},"author":4,"featured_media":17352,"comment_status":"open","ping_status":"closed","sticky":false,"template":"","format":"standard","meta":{"om_disable_all_campaigns":false,"_jetpack_memberships_contains_paid_content":false,"footnotes":""},"categories":[621],"tags":[],"class_list":["post-17351","post","type-post","status-publish","format-standard","has-post-thumbnail","hentry","category-regionales"],"aioseo_notices":[],"gutentor_comment":0,"jetpack_featured_media_url":"https:\/\/eldiariodesanpedro.com.ar\/sitio\/wp-content\/uploads\/2017\/04\/Los-trabajadores-de-ATANOR.jpg","jetpack_shortlink":"https:\/\/wp.me\/p6RhLt-4vR","jetpack_sharing_enabled":true,"_links":{"self":[{"href":"https:\/\/eldiariodesanpedro.com.ar\/sitio\/wp-json\/wp\/v2\/posts\/17351","targetHints":{"allow":["GET"]}}],"collection":[{"href":"https:\/\/eldiariodesanpedro.com.ar\/sitio\/wp-json\/wp\/v2\/posts"}],"about":[{"href":"https:\/\/eldiariodesanpedro.com.ar\/sitio\/wp-json\/wp\/v2\/types\/post"}],"author":[{"embeddable":true,"href":"https:\/\/eldiariodesanpedro.com.ar\/sitio\/wp-json\/wp\/v2\/users\/4"}],"replies":[{"embeddable":true,"href":"https:\/\/eldiariodesanpedro.com.ar\/sitio\/wp-json\/wp\/v2\/comments?post=17351"}],"version-history":[{"count":1,"href":"https:\/\/eldiariodesanpedro.com.ar\/sitio\/wp-json\/wp\/v2\/posts\/17351\/revisions"}],"predecessor-version":[{"id":17354,"href":"https:\/\/eldiariodesanpedro.com.ar\/sitio\/wp-json\/wp\/v2\/posts\/17351\/revisions\/17354"}],"wp:featuredmedia":[{"embeddable":true,"href":"https:\/\/eldiariodesanpedro.com.ar\/sitio\/wp-json\/wp\/v2\/media\/17352"}],"wp:attachment":[{"href":"https:\/\/eldiariodesanpedro.com.ar\/sitio\/wp-json\/wp\/v2\/media?parent=17351"}],"wp:term":[{"taxonomy":"category","embeddable":true,"href":"https:\/\/eldiariodesanpedro.com.ar\/sitio\/wp-json\/wp\/v2\/categories?post=17351"},{"taxonomy":"post_tag","embeddable":true,"href":"https:\/\/eldiariodesanpedro.com.ar\/sitio\/wp-json\/wp\/v2\/tags?post=17351"}],"curies":[{"name":"wp","href":"https:\/\/api.w.org\/{rel}","templated":true}]}}