{"id":17348,"date":"2017-04-13T12:24:08","date_gmt":"2017-04-13T15:24:08","guid":{"rendered":"https:\/\/eldiariodesanpedro.com.ar\/sitio\/?p=17348"},"modified":"2017-04-13T12:24:08","modified_gmt":"2017-04-13T15:24:08","slug":"frutos-de-la-tierra-y-el-rio-estara-durante-todo-el-fin-de-semana-largo","status":"publish","type":"post","link":"https:\/\/eldiariodesanpedro.com.ar\/sitio\/frutos-de-la-tierra-y-el-rio-estara-durante-todo-el-fin-de-semana-largo\/","title":{"rendered":"\u201cFrutos de la tierra y el r\u00edo\u201d estar\u00e1 durante todo el fin de semana largo"},"content":{"rendered":"<p><!-- VideographyWP Plugin Message: Automatic video embedding prevented by plugin options. --><br \/>\n  Entre las propuestas para el fin de semana largo, los feriantes de \u201cFrutos de la tierra y el r\u00edo\u201d proponen el acercarse a la Casona 1830, donde funciona la Direcci\u00f3n de Turismo. All\u00ed se ofrece una versi\u00f3n novedosa de los productos que cada uno de los cinco s\u00e1bados al a\u00f1o, exponen frente a la Plaza Constituci\u00f3n.<\/p>\n<p>  Desde mediados de enero el grupo cuenta con un espacio cedido por el Municipio para poner a disposici\u00f3n de los visitantes algunos productos de la feria. <\/p>\n<p>  El espacio est\u00e1 abierto en horarios de la ma\u00f1ana y la tarde, de viernes a domingo. Sin embargo, buscando brindar un servicio adicional a los turistas y aprovechando el fin de semana largo, estar\u00e1 abierto desde el mi\u00e9rcoles 12 y hasta el domingo 16 de 10 a 13 hs. y de 17 a 21 hs.<\/p>\n<p>  El lugar ser\u00e1 atendido por integrantes de la feria y pretende ser su prolongaci\u00f3n. Los visitantes pueden revisar las distintas propuestas, y recibir informaci\u00f3n de primera mano, en una amplia variedad de productos que sirven tanto para el consumo local, como para llevarse de recuerdo.<\/p>\n<p>  Adem\u00e1s de los productos cl\u00e1sicos que se vienen ofreciendo, en esta oportunidad, qui\u00e9nes se acerquen podr\u00e1n acceder a un producto premium que a\u00fan no tiene muchos puntos identificados para conseguirse en San Pedro: la batata IPOMEA. Se trata de bolsas de 2 kg de batata Beauregard (de pulpa naranja, o \u201czanahoria\u201d como la llaman) y Morada INTA (un cl\u00e1sico de la zona), que garantizan una explosi\u00f3n de sabor y cuya presentaci\u00f3n est\u00e1 pensada para poder ser llevada como un souvenir local.<\/p>\n<p>  Huevos caseros, calabazas, plantas de vivero, miel, dulces, hilados a mano y fieltro, art\u00edculos de madera de \u00e1rboles estacionados de nuestra tierra, son algunas de las alternativas que se ofrecen. <\/p>\n<p>  Los visitantes encontrar\u00e1n regalos con identidad local. En cualquier caso, materia pura local y la marca de los productores que trabajan nuestra tierra.<\/p>\n","protected":false},"excerpt":{"rendered":"<p>Entre las propuestas para el fin de semana largo, los feriantes de \u201cFrutos de la tierra y el r\u00edo\u201d proponen el acercarse a la Casona 1830, donde funciona la Direcci\u00f3n de Turismo. All\u00ed se ofrece una versi\u00f3n novedosa de los productos que cada uno de los cinco s\u00e1bados al a\u00f1o, exponen frente a la Plaza [&hellip;]<\/p>\n","protected":false},"author":4,"featured_media":17350,"comment_status":"open","ping_status":"closed","sticky":false,"template":"","format":"standard","meta":{"om_disable_all_campaigns":false,"_jetpack_memberships_contains_paid_content":false,"footnotes":""},"categories":[101,2],"tags":[],"class_list":["post-17348","post","type-post","status-publish","format-standard","has-post-thumbnail","hentry","category-interes-general-locales","category-locales"],"aioseo_notices":[],"gutentor_comment":0,"jetpack_featured_media_url":"https:\/\/eldiariodesanpedro.com.ar\/sitio\/wp-content\/uploads\/2017\/04\/Se-ofrece-una-versi\u00f3n-novedosa-de-los-productos-que-cada-uno-de-los-cinco-s\u00e1bados-al-a\u00f1o-exponen-frente-a-la-Plaza-Constituci\u00f3n.jpg","jetpack_shortlink":"https:\/\/wp.me\/p6RhLt-4vO","jetpack_sharing_enabled":true,"_links":{"self":[{"href":"https:\/\/eldiariodesanpedro.com.ar\/sitio\/wp-json\/wp\/v2\/posts\/17348","targetHints":{"allow":["GET"]}}],"collection":[{"href":"https:\/\/eldiariodesanpedro.com.ar\/sitio\/wp-json\/wp\/v2\/posts"}],"about":[{"href":"https:\/\/eldiariodesanpedro.com.ar\/sitio\/wp-json\/wp\/v2\/types\/post"}],"author":[{"embeddable":true,"href":"https:\/\/eldiariodesanpedro.com.ar\/sitio\/wp-json\/wp\/v2\/users\/4"}],"replies":[{"embeddable":true,"href":"https:\/\/eldiariodesanpedro.com.ar\/sitio\/wp-json\/wp\/v2\/comments?post=17348"}],"version-history":[{"count":1,"href":"https:\/\/eldiariodesanpedro.com.ar\/sitio\/wp-json\/wp\/v2\/posts\/17348\/revisions"}],"predecessor-version":[{"id":17353,"href":"https:\/\/eldiariodesanpedro.com.ar\/sitio\/wp-json\/wp\/v2\/posts\/17348\/revisions\/17353"}],"wp:featuredmedia":[{"embeddable":true,"href":"https:\/\/eldiariodesanpedro.com.ar\/sitio\/wp-json\/wp\/v2\/media\/17350"}],"wp:attachment":[{"href":"https:\/\/eldiariodesanpedro.com.ar\/sitio\/wp-json\/wp\/v2\/media?parent=17348"}],"wp:term":[{"taxonomy":"category","embeddable":true,"href":"https:\/\/eldiariodesanpedro.com.ar\/sitio\/wp-json\/wp\/v2\/categories?post=17348"},{"taxonomy":"post_tag","embeddable":true,"href":"https:\/\/eldiariodesanpedro.com.ar\/sitio\/wp-json\/wp\/v2\/tags?post=17348"}],"curies":[{"name":"wp","href":"https:\/\/api.w.org\/{rel}","templated":true}]}}