{"id":17345,"date":"2017-04-13T12:14:58","date_gmt":"2017-04-13T15:14:58","guid":{"rendered":"https:\/\/eldiariodesanpedro.com.ar\/sitio\/?p=17345"},"modified":"2017-04-13T12:14:58","modified_gmt":"2017-04-13T15:14:58","slug":"el-ejecutivo-pide-al-hcd-un-cambio-de-zonificacion-del-predio-donde-se-emplazara-la-central-termica","status":"publish","type":"post","link":"https:\/\/eldiariodesanpedro.com.ar\/sitio\/el-ejecutivo-pide-al-hcd-un-cambio-de-zonificacion-del-predio-donde-se-emplazara-la-central-termica\/","title":{"rendered":"El Ejecutivo pide al HCD \u201cun cambio de zonificaci\u00f3n\u00bb del predio donde se emplazar\u00e1 la Central T\u00e9rmica"},"content":{"rendered":"<p><!-- VideographyWP Plugin Message: Automatic video embedding prevented by plugin options. --><br \/>\n  El a\u00f1o pasado el Ministerio de Energ\u00eda de la Naci\u00f3n lanz\u00f3 una convocatoria para sumar inversores privados que desarrollen proyectos de infraestructura, log\u00edstica y abastecimiento de combustibles para la generaci\u00f3n de energ\u00eda con el objetivo de \u201creducir costos y aumentar la confiabilidad\u201d del Sistema El\u00e9ctrico Argentino.<\/p>\n<p>  Para ello, se planifica la construcci\u00f3n durante este 2017 de varias plantas de generaci\u00f3n de energ\u00eda el\u00e9ctrica, una de las cuales ser\u00eda construida en nuestro partido. La empresa SPI Energy tiene planificado concretar una usina de 104 MW en nuestra ciudad.<\/p>\n<p>  En ese sentido, el Ejecutivo Municipal envi\u00f3 al HCD un Proyecto de Ordenanza \u00abModificaci\u00f3n y actualizaci\u00f3n de la Ordenanza N\u00b04139\/87 denominada \u00abNormas de uso, ocupaci\u00f3n y subdivisi\u00f3n del suelo\u00bb que rige para el Distrito de San Pedro justamente para que se pueda llevar a cabo la iniciativa.<\/p>\n<p>  Lo que puntualmente se pide que sea aprobado por los ediles, es \u201cun cambio de zonificaci\u00f3n en la Circunscripci\u00f3n IX, Parcela 1168, Partida Inmobiliaria N\u00b02173\u201d.<\/p>\n<p>  Adem\u00e1s, se explica en el proyecto: \u201cDe acuerdo a lo informado a la empresa SPI ENERGY San Pedro por la Secretar\u00eda de Obras, Infraestructura y Planeamiento de la Municipalidad de San Pedro, en la propiedad en la que se pretende desarrollar la inversi\u00f3n, no es factible la construcci\u00f3n de la misma, salvo que se realice un cambio de zonificaci\u00f3n\u201d.<\/p>\n<p>  Esto contempla \u201cuna inversi\u00f3n considerable para abrir en la Ciudad de San Pedro una Central T\u00e9rmica de Generaci\u00f3n de Energ\u00eda El\u00e9ctrica de 103,5 MW dise\u00f1ada para operar con gas natural (GN) o gas oil (GO)\u201d. Adem\u00e1s de la generaci\u00f3n de \u201cuna importante cantidad de puestos de trabajo de manera directa, no representa ninguna clase de molestia y\/o inconveniente desde la perspectiva del uso del suelo\u201d.<\/p>\n<p>  En cuanto a la zona, \u201cactualmente en el terreno, por tratarse de un \u00e1rea rural, no se establece un cuadro de usos en la Ordenanza N\u00b04139 para \u00e9ste \u00e1rea. En el predio vecino, funciona desde hace veinte a\u00f1os (20) una \u00abEstaci\u00f3n de rebaje\u00bb perteneciente a la Empresa TRANSBA, la cual alimenta de energ\u00eda a San Pedro y Baradero\u201d.<\/p>\n<p>  Adem\u00e1s, se establece en el expediente que es importante la iniciativa ante \u201cla necesidad de contar con una Planta de generaci\u00f3n de energ\u00eda para el normal abastecimiento de nuestra Localidad y de las Localidades vecinas\u201d.<\/p>\n","protected":false},"excerpt":{"rendered":"<p>El a\u00f1o pasado el Ministerio de Energ\u00eda de la Naci\u00f3n lanz\u00f3 una convocatoria para sumar inversores privados que desarrollen proyectos de infraestructura, log\u00edstica y abastecimiento de combustibles para la generaci\u00f3n de energ\u00eda con el objetivo de \u201creducir costos y aumentar la confiabilidad\u201d del Sistema El\u00e9ctrico Argentino. Para ello, se planifica la construcci\u00f3n durante este 2017 [&hellip;]<\/p>\n","protected":false},"author":4,"featured_media":17347,"comment_status":"open","ping_status":"closed","sticky":false,"template":"","format":"standard","meta":{"om_disable_all_campaigns":false,"_jetpack_memberships_contains_paid_content":false,"footnotes":""},"categories":[50,2,102],"tags":[],"class_list":["post-17345","post","type-post","status-publish","format-standard","has-post-thumbnail","hentry","category-destacadas","category-locales","category-politica-locales"],"aioseo_notices":[],"gutentor_comment":0,"jetpack_featured_media_url":"https:\/\/eldiariodesanpedro.com.ar\/sitio\/wp-content\/uploads\/2017\/04\/HCD.jpg","jetpack_shortlink":"https:\/\/wp.me\/p6RhLt-4vL","jetpack_sharing_enabled":true,"_links":{"self":[{"href":"https:\/\/eldiariodesanpedro.com.ar\/sitio\/wp-json\/wp\/v2\/posts\/17345","targetHints":{"allow":["GET"]}}],"collection":[{"href":"https:\/\/eldiariodesanpedro.com.ar\/sitio\/wp-json\/wp\/v2\/posts"}],"about":[{"href":"https:\/\/eldiariodesanpedro.com.ar\/sitio\/wp-json\/wp\/v2\/types\/post"}],"author":[{"embeddable":true,"href":"https:\/\/eldiariodesanpedro.com.ar\/sitio\/wp-json\/wp\/v2\/users\/4"}],"replies":[{"embeddable":true,"href":"https:\/\/eldiariodesanpedro.com.ar\/sitio\/wp-json\/wp\/v2\/comments?post=17345"}],"version-history":[{"count":1,"href":"https:\/\/eldiariodesanpedro.com.ar\/sitio\/wp-json\/wp\/v2\/posts\/17345\/revisions"}],"predecessor-version":[{"id":17349,"href":"https:\/\/eldiariodesanpedro.com.ar\/sitio\/wp-json\/wp\/v2\/posts\/17345\/revisions\/17349"}],"wp:featuredmedia":[{"embeddable":true,"href":"https:\/\/eldiariodesanpedro.com.ar\/sitio\/wp-json\/wp\/v2\/media\/17347"}],"wp:attachment":[{"href":"https:\/\/eldiariodesanpedro.com.ar\/sitio\/wp-json\/wp\/v2\/media?parent=17345"}],"wp:term":[{"taxonomy":"category","embeddable":true,"href":"https:\/\/eldiariodesanpedro.com.ar\/sitio\/wp-json\/wp\/v2\/categories?post=17345"},{"taxonomy":"post_tag","embeddable":true,"href":"https:\/\/eldiariodesanpedro.com.ar\/sitio\/wp-json\/wp\/v2\/tags?post=17345"}],"curies":[{"name":"wp","href":"https:\/\/api.w.org\/{rel}","templated":true}]}}