{"id":17342,"date":"2017-04-13T12:12:52","date_gmt":"2017-04-13T15:12:52","guid":{"rendered":"https:\/\/eldiariodesanpedro.com.ar\/sitio\/?p=17342"},"modified":"2017-04-13T12:12:52","modified_gmt":"2017-04-13T15:12:52","slug":"14-anos-del-museo-paleontologico-de-san-pedro","status":"publish","type":"post","link":"https:\/\/eldiariodesanpedro.com.ar\/sitio\/14-anos-del-museo-paleontologico-de-san-pedro\/","title":{"rendered":"14 a\u00f1os del Museo Paleontol\u00f3gico de San Pedro"},"content":{"rendered":"<p><!-- VideographyWP Plugin Message: Automatic video embedding prevented by plugin options. --><br \/>\n  El 13 de abril de 2003 abri\u00f3 sus puertas por primera vez.<\/p>\n<p>  Aquel d\u00eda San Pedro conoci\u00f3 una nueva y novedosa Instituci\u00f3n fundada por un grupo de sus propios vecinos: el Grupo Conservacionista de F\u00f3siles. Aficionados todos, pero con inmensas ansias de aprender, de conocer y de difundir el patrimonio cultural y cient\u00edfico de la ciudad y sus alrededores.<\/p>\n<p><em>Muchas cosas pasaron en pocos a\u00f1os\u2026<\/em><\/p>\n<p>  En el equipo del Museo se gest\u00f3 la creaci\u00f3n de los Museos Batalla de Obligado, Centro de Flora y Fauna, Museo Agropecuario de Castro, Buque Museo \u201cComandante Gral. Irigoyen\u201d, Paseo de los T\u00faneles y el Centro de Documentaci\u00f3n en la torre municipal (hoy vac\u00edo y con todos sus documentos hist\u00f3ricos perdidos).<\/p>\n<p>  Por el trabajo del Museo se descubri\u00f3 un yacimiento de f\u00f3siles de los m\u00e1s importantes de la Provincia en Campo Sp\u00f3sito. Ya se recuper\u00f3 all\u00ed, una colecci\u00f3n de 24 g\u00e9neros de animales que habitaron nuestra zona en su pasado m\u00e1s remoto.<\/p>\n<p>  Se analizaron y publicaron unas 300 cartas de la batalla de Obligado, se recuperaron decenas de objetos de aquel combate en conjunto con los vecinos de la localidad y se ubic\u00f3 uno de los naufragios m\u00e1s emblem\u00e1ticos de la historia argentina: el \u201cRepublicano\u201d.<\/p>\n<p>  Se hallaron centenares de f\u00f3siles. Muchos, ejemplares \u00fanicos. Conformando una de las colecciones modernas de mam\u00edferos f\u00f3siles m\u00e1s reconocidas del pa\u00eds.<\/p>\n<p>  El grupo conform\u00f3 un banco de im\u00e1genes de las aves de San Pedro con m\u00e1s de cien especies, aportando detalles de la gran biodiversidad que poseemos.<\/p>\n<p>  Se investig\u00f3 en la historia, la paleontolog\u00eda, la biolog\u00eda, la arquitectura hist\u00f3rica y la historia naval.<br \/>\n  Recuper\u00f3 el antiguo pozo de agua del Convento Franciscano que fund\u00f3 la ciudad y se rescataron objetos que a\u00fan se conservan en vitrinas en el Jard\u00edn Municipal.<\/p>\n<p>  Se descubrieron dos yacimientos de culturas originarias de unos 1000 a\u00f1os de antig\u00fcedad. Uno en Vuelta de Obligado y otro en el Bajo del Tala.<\/p>\n<p>  En estos a\u00f1os se recibi\u00f3 y atendi\u00f3 a miles de alumnos de colegios de toda la regi\u00f3n. Escuelas de Buenos Aires, Entre R\u00edos, Santa Fe y C\u00f3rdoba conocieron los f\u00f3siles hallados por el Museo de San Pedro.<\/p>\n<p>  Tambi\u00e9n son miles los turistas que han recorrido sus salas en estos a\u00f1os.<\/p>\n<p>Concursos, charlas, exposiciones y talleres son actividades complementarias de la vida del Museo. Y una forma de estrechar sus v\u00ednculos institucionales en todo el pa\u00eds.<\/p>\n<p>  La interacci\u00f3n con cient\u00edficos de todo el pa\u00eds ha sido una constante desde el primer d\u00eda. Y la difusi\u00f3n en los medios de comunicaci\u00f3n locales, nacionales e internacionales, una premisa del grupo.<\/p>\n<p>  El Museo ha participado de congresos, reuniones y jornadas en diferentes ciudades y provincias. En todos lados difundiendo el patrimonio cultural de los sampedrinos.<\/p>\n<p>  El equipo ha sido distinguido en el Museo Argentino de Ciencias Naturales, en el Museo de La Plata y, en los pr\u00f3ximos d\u00edas ser\u00e1 premiado por el Ministerio de Ciencia, Tecnolog\u00eda e Innovaci\u00f3n de la Provincia.<\/p>\n<p>  Mucho esfuerzo. Y muchas veces en silencio y soledad. Pero con el firme prop\u00f3sito de hacer siempre las cosas de la mejor forma posible.<\/p>\n<p>  El Grupo Conservacionista de F\u00f3siles agradece a todas y a cada una de las personas, instituciones, autoridades, empresas y hombres de ciencia que en estos primeros 14 a\u00f1os de vida de la instituci\u00f3n, siempre han apoyado su tarea.<\/p>\n<p><em>\u00a1Feliz Cumplea\u00f1os, Museo Paleontol\u00f3gico \u201cFray Manuel de Torres\u201d!<br \/>\n14 a\u00f1os de viajando a un pasado fascinante\u2026<\/em><\/p>\n","protected":false},"excerpt":{"rendered":"<p>El 13 de abril de 2003 abri\u00f3 sus puertas por primera vez. Aquel d\u00eda San Pedro conoci\u00f3 una nueva y novedosa Instituci\u00f3n fundada por un grupo de sus propios vecinos: el Grupo Conservacionista de F\u00f3siles. Aficionados todos, pero con inmensas ansias de aprender, de conocer y de difundir el patrimonio cultural y cient\u00edfico de la [&hellip;]<\/p>\n","protected":false},"author":4,"featured_media":17344,"comment_status":"open","ping_status":"closed","sticky":false,"template":"","format":"standard","meta":{"om_disable_all_campaigns":false,"_jetpack_memberships_contains_paid_content":false,"footnotes":""},"categories":[101,2],"tags":[],"class_list":["post-17342","post","type-post","status-publish","format-standard","has-post-thumbnail","hentry","category-interes-general-locales","category-locales"],"aioseo_notices":[],"gutentor_comment":0,"jetpack_featured_media_url":"https:\/\/eldiariodesanpedro.com.ar\/sitio\/wp-content\/uploads\/2017\/04\/Museo-Paleontol\u00f3gico-de-San-Pedro.jpg","jetpack_shortlink":"https:\/\/wp.me\/p6RhLt-4vI","jetpack_sharing_enabled":true,"_links":{"self":[{"href":"https:\/\/eldiariodesanpedro.com.ar\/sitio\/wp-json\/wp\/v2\/posts\/17342","targetHints":{"allow":["GET"]}}],"collection":[{"href":"https:\/\/eldiariodesanpedro.com.ar\/sitio\/wp-json\/wp\/v2\/posts"}],"about":[{"href":"https:\/\/eldiariodesanpedro.com.ar\/sitio\/wp-json\/wp\/v2\/types\/post"}],"author":[{"embeddable":true,"href":"https:\/\/eldiariodesanpedro.com.ar\/sitio\/wp-json\/wp\/v2\/users\/4"}],"replies":[{"embeddable":true,"href":"https:\/\/eldiariodesanpedro.com.ar\/sitio\/wp-json\/wp\/v2\/comments?post=17342"}],"version-history":[{"count":1,"href":"https:\/\/eldiariodesanpedro.com.ar\/sitio\/wp-json\/wp\/v2\/posts\/17342\/revisions"}],"predecessor-version":[{"id":17346,"href":"https:\/\/eldiariodesanpedro.com.ar\/sitio\/wp-json\/wp\/v2\/posts\/17342\/revisions\/17346"}],"wp:featuredmedia":[{"embeddable":true,"href":"https:\/\/eldiariodesanpedro.com.ar\/sitio\/wp-json\/wp\/v2\/media\/17344"}],"wp:attachment":[{"href":"https:\/\/eldiariodesanpedro.com.ar\/sitio\/wp-json\/wp\/v2\/media?parent=17342"}],"wp:term":[{"taxonomy":"category","embeddable":true,"href":"https:\/\/eldiariodesanpedro.com.ar\/sitio\/wp-json\/wp\/v2\/categories?post=17342"},{"taxonomy":"post_tag","embeddable":true,"href":"https:\/\/eldiariodesanpedro.com.ar\/sitio\/wp-json\/wp\/v2\/tags?post=17342"}],"curies":[{"name":"wp","href":"https:\/\/api.w.org\/{rel}","templated":true}]}}