{"id":17337,"date":"2017-04-13T12:10:03","date_gmt":"2017-04-13T15:10:03","guid":{"rendered":"https:\/\/eldiariodesanpedro.com.ar\/sitio\/?p=17337"},"modified":"2017-04-13T12:10:03","modified_gmt":"2017-04-13T15:10:03","slug":"accidente-entre-dos-motos-3","status":"publish","type":"post","link":"https:\/\/eldiariodesanpedro.com.ar\/sitio\/accidente-entre-dos-motos-3\/","title":{"rendered":"Accidente entre dos motos"},"content":{"rendered":"<p><!-- VideographyWP Plugin Message: Automatic video embedding prevented by plugin options. --><br \/>\n  El incidente de tr\u00e1nsito se produjo el mi\u00e9rcoles en la esquina de Quiroga e Ituzaing\u00f3. Una moto tipo cross y una 110 CC colisionaron por causas que se tratan de establecer.<\/p>\n<p>  Si bien el impacto no fue muy violento, pero bast\u00f3 para que el hombre que conduc\u00eda el rodado menor cayera a la cinta asf\u00e1ltica. Y como consecuencia de ello, una ambulancia del Servicio de Emergencias 107 deriv\u00f3 el herido al Hospital. En tanto que la acompa\u00f1ante, una mujer que habr\u00eda sido identificada como la hija de esta persona se retir\u00f3 del lugar antes que pudiera ser identificada por la fuerza policial.<\/p>\n","protected":false},"excerpt":{"rendered":"<p>El incidente de tr\u00e1nsito se produjo el mi\u00e9rcoles en la esquina de Quiroga e Ituzaing\u00f3. Una moto tipo cross y una 110 CC colisionaron por causas que se tratan de establecer. Si bien el impacto no fue muy violento, pero bast\u00f3 para que el hombre que conduc\u00eda el rodado menor cayera a la cinta asf\u00e1ltica. [&hellip;]<\/p>\n","protected":false},"author":4,"featured_media":17339,"comment_status":"open","ping_status":"closed","sticky":false,"template":"","format":"standard","meta":{"om_disable_all_campaigns":false,"_jetpack_memberships_contains_paid_content":false,"footnotes":""},"categories":[2,103],"tags":[],"class_list":["post-17337","post","type-post","status-publish","format-standard","has-post-thumbnail","hentry","category-locales","category-policiales-locales"],"aioseo_notices":[],"gutentor_comment":0,"jetpack_featured_media_url":"https:\/\/eldiariodesanpedro.com.ar\/sitio\/wp-content\/uploads\/2017\/04\/Una-de-las-motos-que-protagoniz\u00f3-el-siniestro.jpg","jetpack_shortlink":"https:\/\/wp.me\/p6RhLt-4vD","jetpack_sharing_enabled":true,"_links":{"self":[{"href":"https:\/\/eldiariodesanpedro.com.ar\/sitio\/wp-json\/wp\/v2\/posts\/17337","targetHints":{"allow":["GET"]}}],"collection":[{"href":"https:\/\/eldiariodesanpedro.com.ar\/sitio\/wp-json\/wp\/v2\/posts"}],"about":[{"href":"https:\/\/eldiariodesanpedro.com.ar\/sitio\/wp-json\/wp\/v2\/types\/post"}],"author":[{"embeddable":true,"href":"https:\/\/eldiariodesanpedro.com.ar\/sitio\/wp-json\/wp\/v2\/users\/4"}],"replies":[{"embeddable":true,"href":"https:\/\/eldiariodesanpedro.com.ar\/sitio\/wp-json\/wp\/v2\/comments?post=17337"}],"version-history":[{"count":1,"href":"https:\/\/eldiariodesanpedro.com.ar\/sitio\/wp-json\/wp\/v2\/posts\/17337\/revisions"}],"predecessor-version":[{"id":17341,"href":"https:\/\/eldiariodesanpedro.com.ar\/sitio\/wp-json\/wp\/v2\/posts\/17337\/revisions\/17341"}],"wp:featuredmedia":[{"embeddable":true,"href":"https:\/\/eldiariodesanpedro.com.ar\/sitio\/wp-json\/wp\/v2\/media\/17339"}],"wp:attachment":[{"href":"https:\/\/eldiariodesanpedro.com.ar\/sitio\/wp-json\/wp\/v2\/media?parent=17337"}],"wp:term":[{"taxonomy":"category","embeddable":true,"href":"https:\/\/eldiariodesanpedro.com.ar\/sitio\/wp-json\/wp\/v2\/categories?post=17337"},{"taxonomy":"post_tag","embeddable":true,"href":"https:\/\/eldiariodesanpedro.com.ar\/sitio\/wp-json\/wp\/v2\/tags?post=17337"}],"curies":[{"name":"wp","href":"https:\/\/api.w.org\/{rel}","templated":true}]}}