{"id":17335,"date":"2017-04-13T12:09:03","date_gmt":"2017-04-13T15:09:03","guid":{"rendered":"https:\/\/eldiariodesanpedro.com.ar\/sitio\/?p=17335"},"modified":"2017-04-13T12:09:03","modified_gmt":"2017-04-13T15:09:03","slug":"un-delincuente-detenido-por-un-robo-en-mercedes","status":"publish","type":"post","link":"https:\/\/eldiariodesanpedro.com.ar\/sitio\/un-delincuente-detenido-por-un-robo-en-mercedes\/","title":{"rendered":"Un delincuente detenido por un robo en Mercedes"},"content":{"rendered":"<p><!-- VideographyWP Plugin Message: Automatic video embedding prevented by plugin options. --><br \/>\n  Efectivos policiales detuvieron el mi\u00e9rcoles en la v\u00eda p\u00fablica un sujeto mayor de edad, oriundo de nuestra ciudad sobre el cual pesaba un pedido de detenci\u00f3n por un delito de \u201cRobo Agravado por su Comisi\u00f3n en lugar despoblado\u201d, solicitado por la UFI N\u00b07 del Departamento Judicial de Mercedes.<\/p>\n<p>  El Magistrado interviniente dispuso que sea trasladado a Sede Judicial con el objeto de recibir su Declaraci\u00f3n Testimonial.<\/p>\n","protected":false},"excerpt":{"rendered":"<p>Efectivos policiales detuvieron el mi\u00e9rcoles en la v\u00eda p\u00fablica un sujeto mayor de edad, oriundo de nuestra ciudad sobre el cual pesaba un pedido de detenci\u00f3n por un delito de \u201cRobo Agravado por su Comisi\u00f3n en lugar despoblado\u201d, solicitado por la UFI N\u00b07 del Departamento Judicial de Mercedes. El Magistrado interviniente dispuso que sea trasladado [&hellip;]<\/p>\n","protected":false},"author":4,"featured_media":5796,"comment_status":"open","ping_status":"closed","sticky":false,"template":"","format":"standard","meta":{"om_disable_all_campaigns":false,"_jetpack_memberships_contains_paid_content":false,"footnotes":""},"categories":[2,103],"tags":[],"class_list":["post-17335","post","type-post","status-publish","format-standard","has-post-thumbnail","hentry","category-locales","category-policiales-locales"],"aioseo_notices":[],"gutentor_comment":0,"jetpack_featured_media_url":"https:\/\/eldiariodesanpedro.com.ar\/sitio\/wp-content\/uploads\/2016\/07\/0007654707-1.jpg","jetpack_shortlink":"https:\/\/wp.me\/p6RhLt-4vB","jetpack_sharing_enabled":true,"_links":{"self":[{"href":"https:\/\/eldiariodesanpedro.com.ar\/sitio\/wp-json\/wp\/v2\/posts\/17335","targetHints":{"allow":["GET"]}}],"collection":[{"href":"https:\/\/eldiariodesanpedro.com.ar\/sitio\/wp-json\/wp\/v2\/posts"}],"about":[{"href":"https:\/\/eldiariodesanpedro.com.ar\/sitio\/wp-json\/wp\/v2\/types\/post"}],"author":[{"embeddable":true,"href":"https:\/\/eldiariodesanpedro.com.ar\/sitio\/wp-json\/wp\/v2\/users\/4"}],"replies":[{"embeddable":true,"href":"https:\/\/eldiariodesanpedro.com.ar\/sitio\/wp-json\/wp\/v2\/comments?post=17335"}],"version-history":[{"count":1,"href":"https:\/\/eldiariodesanpedro.com.ar\/sitio\/wp-json\/wp\/v2\/posts\/17335\/revisions"}],"predecessor-version":[{"id":17338,"href":"https:\/\/eldiariodesanpedro.com.ar\/sitio\/wp-json\/wp\/v2\/posts\/17335\/revisions\/17338"}],"wp:featuredmedia":[{"embeddable":true,"href":"https:\/\/eldiariodesanpedro.com.ar\/sitio\/wp-json\/wp\/v2\/media\/5796"}],"wp:attachment":[{"href":"https:\/\/eldiariodesanpedro.com.ar\/sitio\/wp-json\/wp\/v2\/media?parent=17335"}],"wp:term":[{"taxonomy":"category","embeddable":true,"href":"https:\/\/eldiariodesanpedro.com.ar\/sitio\/wp-json\/wp\/v2\/categories?post=17335"},{"taxonomy":"post_tag","embeddable":true,"href":"https:\/\/eldiariodesanpedro.com.ar\/sitio\/wp-json\/wp\/v2\/tags?post=17335"}],"curies":[{"name":"wp","href":"https:\/\/api.w.org\/{rel}","templated":true}]}}