{"id":17333,"date":"2017-04-13T12:07:48","date_gmt":"2017-04-13T15:07:48","guid":{"rendered":"https:\/\/eldiariodesanpedro.com.ar\/sitio\/?p=17333"},"modified":"2017-04-13T12:07:48","modified_gmt":"2017-04-13T15:07:48","slug":"en-santa-lucia-aprehendieron-a-una-persona-que-pretendio-evitar-un-allanamiento","status":"publish","type":"post","link":"https:\/\/eldiariodesanpedro.com.ar\/sitio\/en-santa-lucia-aprehendieron-a-una-persona-que-pretendio-evitar-un-allanamiento\/","title":{"rendered":"En Santa Luc\u00eda aprehendieron a una persona que pretendi\u00f3 evitar un allanamiento"},"content":{"rendered":"<p><!-- VideographyWP Plugin Message: Automatic video embedding prevented by plugin options. --><br \/>\n  Ocurri\u00f3 el mi\u00e9rcoles en la localidad de Santa Luc\u00eda, cuando personal de la Comisar\u00eda local y del Destacamento aprehendieron a un hombre mayor de edad quien se neg\u00f3 a que se realice en el lugar en donde se hallaba un allanamiento ordenado por la Justicia. <\/p>\n<p>  Seg\u00fan establece el parte de prensa de Polic\u00eda, se torn\u00f3 agresivo por lo que fue aprehendido. <\/p>\n<p>El Magistrado interviniente dispuso que quede alojado hasta su remisi\u00f3n a Sede Judicial.<\/p>\n","protected":false},"excerpt":{"rendered":"<p>Ocurri\u00f3 el mi\u00e9rcoles en la localidad de Santa Luc\u00eda, cuando personal de la Comisar\u00eda local y del Destacamento aprehendieron a un hombre mayor de edad quien se neg\u00f3 a que se realice en el lugar en donde se hallaba un allanamiento ordenado por la Justicia. Seg\u00fan establece el parte de prensa de Polic\u00eda, se torn\u00f3 [&hellip;]<\/p>\n","protected":false},"author":4,"featured_media":1892,"comment_status":"open","ping_status":"closed","sticky":false,"template":"","format":"standard","meta":{"om_disable_all_campaigns":false,"_jetpack_memberships_contains_paid_content":false,"footnotes":""},"categories":[2,103],"tags":[],"class_list":["post-17333","post","type-post","status-publish","format-standard","has-post-thumbnail","hentry","category-locales","category-policiales-locales"],"aioseo_notices":[],"gutentor_comment":0,"jetpack_featured_media_url":"https:\/\/eldiariodesanpedro.com.ar\/sitio\/wp-content\/uploads\/2016\/01\/Detenido.jpg","jetpack_shortlink":"https:\/\/wp.me\/p6RhLt-4vz","jetpack_sharing_enabled":true,"_links":{"self":[{"href":"https:\/\/eldiariodesanpedro.com.ar\/sitio\/wp-json\/wp\/v2\/posts\/17333","targetHints":{"allow":["GET"]}}],"collection":[{"href":"https:\/\/eldiariodesanpedro.com.ar\/sitio\/wp-json\/wp\/v2\/posts"}],"about":[{"href":"https:\/\/eldiariodesanpedro.com.ar\/sitio\/wp-json\/wp\/v2\/types\/post"}],"author":[{"embeddable":true,"href":"https:\/\/eldiariodesanpedro.com.ar\/sitio\/wp-json\/wp\/v2\/users\/4"}],"replies":[{"embeddable":true,"href":"https:\/\/eldiariodesanpedro.com.ar\/sitio\/wp-json\/wp\/v2\/comments?post=17333"}],"version-history":[{"count":1,"href":"https:\/\/eldiariodesanpedro.com.ar\/sitio\/wp-json\/wp\/v2\/posts\/17333\/revisions"}],"predecessor-version":[{"id":17336,"href":"https:\/\/eldiariodesanpedro.com.ar\/sitio\/wp-json\/wp\/v2\/posts\/17333\/revisions\/17336"}],"wp:featuredmedia":[{"embeddable":true,"href":"https:\/\/eldiariodesanpedro.com.ar\/sitio\/wp-json\/wp\/v2\/media\/1892"}],"wp:attachment":[{"href":"https:\/\/eldiariodesanpedro.com.ar\/sitio\/wp-json\/wp\/v2\/media?parent=17333"}],"wp:term":[{"taxonomy":"category","embeddable":true,"href":"https:\/\/eldiariodesanpedro.com.ar\/sitio\/wp-json\/wp\/v2\/categories?post=17333"},{"taxonomy":"post_tag","embeddable":true,"href":"https:\/\/eldiariodesanpedro.com.ar\/sitio\/wp-json\/wp\/v2\/tags?post=17333"}],"curies":[{"name":"wp","href":"https:\/\/api.w.org\/{rel}","templated":true}]}}