{"id":17318,"date":"2017-04-12T21:02:02","date_gmt":"2017-04-13T00:02:02","guid":{"rendered":"https:\/\/eldiariodesanpedro.com.ar\/sitio\/?p=17318"},"modified":"2026-01-24T00:26:43","modified_gmt":"2026-01-24T03:26:43","slug":"a-la-espera-de-un-nuevo-director-de-deportes","status":"publish","type":"post","link":"https:\/\/eldiariodesanpedro.com.ar\/sitio\/a-la-espera-de-un-nuevo-director-de-deportes\/","title":{"rendered":"A la espera de un nuevo Director de Deportes"},"content":{"rendered":"<p><!-- VideographyWP Plugin Message: Automatic video embedding prevented by plugin options. --><br \/>\n  Luego de la renuncia de Fernando Juan Bennazar a la Direcci\u00f3n de Deportes, el Intendente Municipal Cecilio Salazar analiza por estos d\u00edas quien puede ser el reemplazante del nadador m\u00e1ster. <\/p>\n<p>  \u201cQuiero que me presenten proyectos, me han dado dos o tres nombres, pero primero prefiero ver proyectos\u201d, confi\u00f3 el Intendente a los medios.<\/p>\n<p>  \u201cEl perfil que quiero es el de alguien involucrado con los barrios, m\u00e1s all\u00e1 de que sea o no un profesional, no es necesario que sea un Profesor de Educaci\u00f3n F\u00edsica o deportista\u201d.<\/p>\n<p>  \u201cPensamos en una persona que conozca del deporte y que pueda armar un programa de trabajo en los barrios\u201d, agreg\u00f3.<\/p>\n<p>  Salazar fue el preferido por los deportistas e instituciones al momento de llegar al municipio, ya que fue un gran colaborador desde siempre. Sin embargo, desde su asunci\u00f3n no pudo complacer a los mismos por diferentes motivos, destac\u00e1ndose el dif\u00edcil momento econ\u00f3mico que pasa el Municipio de San Pedro y la falta de trabajo deportivo en los barrios, entre otros. <\/p>\n","protected":false},"excerpt":{"rendered":"<p>Luego de la renuncia de Fernando Juan Bennazar a la Direcci\u00f3n de Deportes, el Intendente Municipal Cecilio Salazar analiza por estos d\u00edas quien puede ser el reemplazante del nadador m\u00e1ster. \u201cQuiero que me presenten proyectos, me han dado dos o tres nombres, pero primero prefiero ver proyectos\u201d, confi\u00f3 el Intendente a los medios. \u201cEl perfil [&hellip;]<\/p>\n","protected":false},"author":4,"featured_media":17323,"comment_status":"open","ping_status":"closed","sticky":false,"template":"","format":"standard","meta":{"om_disable_all_campaigns":false,"_jetpack_memberships_contains_paid_content":false,"footnotes":""},"categories":[5],"tags":[],"class_list":["post-17318","post","type-post","status-publish","format-standard","has-post-thumbnail","hentry","category-deportes"],"aioseo_notices":[],"gutentor_comment":0,"jetpack_featured_media_url":"https:\/\/eldiariodesanpedro.com.ar\/sitio\/wp-content\/uploads\/2017\/04\/fernando-bennazar-2.jpg","jetpack_shortlink":"https:\/\/wp.me\/p6RhLt-4vk","jetpack_sharing_enabled":true,"_links":{"self":[{"href":"https:\/\/eldiariodesanpedro.com.ar\/sitio\/wp-json\/wp\/v2\/posts\/17318","targetHints":{"allow":["GET"]}}],"collection":[{"href":"https:\/\/eldiariodesanpedro.com.ar\/sitio\/wp-json\/wp\/v2\/posts"}],"about":[{"href":"https:\/\/eldiariodesanpedro.com.ar\/sitio\/wp-json\/wp\/v2\/types\/post"}],"author":[{"embeddable":true,"href":"https:\/\/eldiariodesanpedro.com.ar\/sitio\/wp-json\/wp\/v2\/users\/4"}],"replies":[{"embeddable":true,"href":"https:\/\/eldiariodesanpedro.com.ar\/sitio\/wp-json\/wp\/v2\/comments?post=17318"}],"version-history":[{"count":1,"href":"https:\/\/eldiariodesanpedro.com.ar\/sitio\/wp-json\/wp\/v2\/posts\/17318\/revisions"}],"predecessor-version":[{"id":17324,"href":"https:\/\/eldiariodesanpedro.com.ar\/sitio\/wp-json\/wp\/v2\/posts\/17318\/revisions\/17324"}],"wp:featuredmedia":[{"embeddable":true,"href":"https:\/\/eldiariodesanpedro.com.ar\/sitio\/wp-json\/wp\/v2\/media\/17323"}],"wp:attachment":[{"href":"https:\/\/eldiariodesanpedro.com.ar\/sitio\/wp-json\/wp\/v2\/media?parent=17318"}],"wp:term":[{"taxonomy":"category","embeddable":true,"href":"https:\/\/eldiariodesanpedro.com.ar\/sitio\/wp-json\/wp\/v2\/categories?post=17318"},{"taxonomy":"post_tag","embeddable":true,"href":"https:\/\/eldiariodesanpedro.com.ar\/sitio\/wp-json\/wp\/v2\/tags?post=17318"}],"curies":[{"name":"wp","href":"https:\/\/api.w.org\/{rel}","templated":true}]}}