{"id":17316,"date":"2017-04-12T20:59:01","date_gmt":"2017-04-12T23:59:01","guid":{"rendered":"https:\/\/eldiariodesanpedro.com.ar\/sitio\/?p=17316"},"modified":"2026-01-24T00:26:43","modified_gmt":"2026-01-24T03:26:43","slug":"atletismo-shafer-alvarez-y-quinteros-compitieron-en-el-autodromo-de-caba","status":"publish","type":"post","link":"https:\/\/eldiariodesanpedro.com.ar\/sitio\/atletismo-shafer-alvarez-y-quinteros-compitieron-en-el-autodromo-de-caba\/","title":{"rendered":"ATLETISMO: Shafer, Alvarez y Quinteros compitieron en el Aut\u00f3dromo de CABA"},"content":{"rendered":"<p><!-- VideographyWP Plugin Message: Automatic video embedding prevented by plugin options. --><br \/>\n  En la fresca y lluviosa ma\u00f1ana del domingo 9 de abril, los sampedrinos representantes del Club Pescadores Running Team:  Teresa Shafer, Vanesa \u00c1lvarez y Fernando Quinteros viajaron a la Ciudad Aut\u00f3noma de Buenos Aires a participar de los \u2018\u201821 K\u2019\u2019 sudamericanos.<\/p>\n<p>  El Aut\u00f3dromo de la Ciudad fue el epicentro del evento. Sobre unas de las avenidas laterales se desarroll\u00f3 la largada de la media marat\u00f3n. En un recorrido sumamente llano y con pocos retomes fue trazada la distancia, que le llev\u00f3 a Mart\u00edn M\u00e9ndez 1 hora 13 minutos, logrando ser el primero en cruzar la meta.<\/p>\n","protected":false},"excerpt":{"rendered":"<p>En la fresca y lluviosa ma\u00f1ana del domingo 9 de abril, los sampedrinos representantes del Club Pescadores Running Team: Teresa Shafer, Vanesa \u00c1lvarez y Fernando Quinteros viajaron a la Ciudad Aut\u00f3noma de Buenos Aires a participar de los \u2018\u201821 K\u2019\u2019 sudamericanos. El Aut\u00f3dromo de la Ciudad fue el epicentro del evento. Sobre unas de las [&hellip;]<\/p>\n","protected":false},"author":4,"featured_media":17320,"comment_status":"open","ping_status":"closed","sticky":false,"template":"","format":"standard","meta":{"om_disable_all_campaigns":false,"_jetpack_memberships_contains_paid_content":false,"footnotes":""},"categories":[5],"tags":[],"class_list":["post-17316","post","type-post","status-publish","format-standard","has-post-thumbnail","hentry","category-deportes"],"aioseo_notices":[],"gutentor_comment":0,"jetpack_featured_media_url":"https:\/\/eldiariodesanpedro.com.ar\/sitio\/wp-content\/uploads\/2017\/04\/atletismo.jpg","jetpack_shortlink":"https:\/\/wp.me\/p6RhLt-4vi","jetpack_sharing_enabled":true,"_links":{"self":[{"href":"https:\/\/eldiariodesanpedro.com.ar\/sitio\/wp-json\/wp\/v2\/posts\/17316","targetHints":{"allow":["GET"]}}],"collection":[{"href":"https:\/\/eldiariodesanpedro.com.ar\/sitio\/wp-json\/wp\/v2\/posts"}],"about":[{"href":"https:\/\/eldiariodesanpedro.com.ar\/sitio\/wp-json\/wp\/v2\/types\/post"}],"author":[{"embeddable":true,"href":"https:\/\/eldiariodesanpedro.com.ar\/sitio\/wp-json\/wp\/v2\/users\/4"}],"replies":[{"embeddable":true,"href":"https:\/\/eldiariodesanpedro.com.ar\/sitio\/wp-json\/wp\/v2\/comments?post=17316"}],"version-history":[{"count":1,"href":"https:\/\/eldiariodesanpedro.com.ar\/sitio\/wp-json\/wp\/v2\/posts\/17316\/revisions"}],"predecessor-version":[{"id":17321,"href":"https:\/\/eldiariodesanpedro.com.ar\/sitio\/wp-json\/wp\/v2\/posts\/17316\/revisions\/17321"}],"wp:featuredmedia":[{"embeddable":true,"href":"https:\/\/eldiariodesanpedro.com.ar\/sitio\/wp-json\/wp\/v2\/media\/17320"}],"wp:attachment":[{"href":"https:\/\/eldiariodesanpedro.com.ar\/sitio\/wp-json\/wp\/v2\/media?parent=17316"}],"wp:term":[{"taxonomy":"category","embeddable":true,"href":"https:\/\/eldiariodesanpedro.com.ar\/sitio\/wp-json\/wp\/v2\/categories?post=17316"},{"taxonomy":"post_tag","embeddable":true,"href":"https:\/\/eldiariodesanpedro.com.ar\/sitio\/wp-json\/wp\/v2\/tags?post=17316"}],"curies":[{"name":"wp","href":"https:\/\/api.w.org\/{rel}","templated":true}]}}