{"id":17310,"date":"2017-04-12T18:35:24","date_gmt":"2017-04-12T21:35:24","guid":{"rendered":"https:\/\/eldiariodesanpedro.com.ar\/sitio\/?p=17310"},"modified":"2017-04-12T18:35:24","modified_gmt":"2017-04-12T21:35:24","slug":"ramallo-comienzan-los-trabajos-para-determinar-el-sitio-historico-del-tonelero","status":"publish","type":"post","link":"https:\/\/eldiariodesanpedro.com.ar\/sitio\/ramallo-comienzan-los-trabajos-para-determinar-el-sitio-historico-del-tonelero\/","title":{"rendered":"RAMALLO: Comienzan los trabajos para determinar el sitio hist\u00f3rico del Tonelero"},"content":{"rendered":"<p><!-- VideographyWP Plugin Message: Automatic video embedding prevented by plugin options. --><br \/>\nUn equipo arqueol\u00f3gico de entre 10 y 14 personas de la Universidad de Luj\u00e1n, estar\u00e1 a partir del jueves 13 en la zona de la costa de Ramallo retomando las investigaciones que se hicieron a\u00f1os atr\u00e1s para intentar localizar el sitio donde se produjeron las batallas m\u00e1s importantes del Tonelero.<\/p>\n<p>Desde el pr\u00f3ximo jueves 13 hasta el mi\u00e9rcoles 19, un equipo arqueol\u00f3gico de la Universidad de Luj\u00e1n, encabezado por el profesor Mariano Ramos, estar\u00e1 trabajando en distintos puntos de la costa de Ramallo con el objetivo de determinar el sitio donde se produjeron las batallas m\u00e1s importantes del Tonelero.<\/p>\n<p>Ser\u00e1n cuatro o cinco los lugares que se van a explorar: El barrio de los vecinos que viven en la zona conocida como El Tonelero, la arenera, una punta donde desemboca un arroyo y el lugar donde se encuentra el monumento a Mansilla. (http:\/\/www.metafm.com.ar)<\/p>\n","protected":false},"excerpt":{"rendered":"<p>Un equipo arqueol\u00f3gico de entre 10 y 14 personas de la Universidad de Luj\u00e1n, estar\u00e1 a partir del jueves 13 en la zona de la costa de Ramallo retomando las investigaciones que se hicieron a\u00f1os atr\u00e1s para intentar localizar el sitio donde se produjeron las batallas m\u00e1s importantes del Tonelero. Desde el pr\u00f3ximo jueves 13 [&hellip;]<\/p>\n","protected":false},"author":4,"featured_media":17312,"comment_status":"open","ping_status":"closed","sticky":false,"template":"","format":"standard","meta":{"om_disable_all_campaigns":false,"_jetpack_memberships_contains_paid_content":false,"footnotes":""},"categories":[621],"tags":[],"class_list":["post-17310","post","type-post","status-publish","format-standard","has-post-thumbnail","hentry","category-regionales"],"aioseo_notices":[],"gutentor_comment":0,"jetpack_featured_media_url":"https:\/\/eldiariodesanpedro.com.ar\/sitio\/wp-content\/uploads\/2017\/04\/Comienzan-los-trabajos-para-determinar-el-sitio-hist\u00f3rico-del-Tonelero.jpg","jetpack_shortlink":"https:\/\/wp.me\/p6RhLt-4vc","jetpack_sharing_enabled":true,"_links":{"self":[{"href":"https:\/\/eldiariodesanpedro.com.ar\/sitio\/wp-json\/wp\/v2\/posts\/17310","targetHints":{"allow":["GET"]}}],"collection":[{"href":"https:\/\/eldiariodesanpedro.com.ar\/sitio\/wp-json\/wp\/v2\/posts"}],"about":[{"href":"https:\/\/eldiariodesanpedro.com.ar\/sitio\/wp-json\/wp\/v2\/types\/post"}],"author":[{"embeddable":true,"href":"https:\/\/eldiariodesanpedro.com.ar\/sitio\/wp-json\/wp\/v2\/users\/4"}],"replies":[{"embeddable":true,"href":"https:\/\/eldiariodesanpedro.com.ar\/sitio\/wp-json\/wp\/v2\/comments?post=17310"}],"version-history":[{"count":1,"href":"https:\/\/eldiariodesanpedro.com.ar\/sitio\/wp-json\/wp\/v2\/posts\/17310\/revisions"}],"predecessor-version":[{"id":17314,"href":"https:\/\/eldiariodesanpedro.com.ar\/sitio\/wp-json\/wp\/v2\/posts\/17310\/revisions\/17314"}],"wp:featuredmedia":[{"embeddable":true,"href":"https:\/\/eldiariodesanpedro.com.ar\/sitio\/wp-json\/wp\/v2\/media\/17312"}],"wp:attachment":[{"href":"https:\/\/eldiariodesanpedro.com.ar\/sitio\/wp-json\/wp\/v2\/media?parent=17310"}],"wp:term":[{"taxonomy":"category","embeddable":true,"href":"https:\/\/eldiariodesanpedro.com.ar\/sitio\/wp-json\/wp\/v2\/categories?post=17310"},{"taxonomy":"post_tag","embeddable":true,"href":"https:\/\/eldiariodesanpedro.com.ar\/sitio\/wp-json\/wp\/v2\/tags?post=17310"}],"curies":[{"name":"wp","href":"https:\/\/api.w.org\/{rel}","templated":true}]}}