{"id":17304,"date":"2017-04-12T18:31:09","date_gmt":"2017-04-12T21:31:09","guid":{"rendered":"https:\/\/eldiariodesanpedro.com.ar\/sitio\/?p=17304"},"modified":"2017-04-12T18:31:09","modified_gmt":"2017-04-12T21:31:09","slug":"baradero-uno-de-los-delincuentes-detenido-por-la-vial-alsina-esta-acusado-de-balear-a-un-nino-de-12-anos","status":"publish","type":"post","link":"https:\/\/eldiariodesanpedro.com.ar\/sitio\/baradero-uno-de-los-delincuentes-detenido-por-la-vial-alsina-esta-acusado-de-balear-a-un-nino-de-12-anos\/","title":{"rendered":"BARADERO: Uno de los delincuentes detenido por la Vial Alsina est\u00e1 acusado de balear a un ni\u00f1o de 12 a\u00f1os"},"content":{"rendered":"<p><!-- VideographyWP Plugin Message: Automatic video embedding prevented by plugin options. --><br \/>\nCuatro delincuentes fueron detenidos el s\u00e1bado por personal de Vial Alsina, DDI Baradero \u2013 San Pedro y Polic\u00eda Comunal.<\/p>\n<p>La interceptaci\u00f3n del veh\u00edculo fue en el Km 129,500 y uno de los aprehendidos tiene pedido de captura por el homicidio de un ni\u00f1o de 12 a\u00f1os.<\/p>\n<p>En el interior del auto se encontraron pistolas, handys, celular y una m\u00e1scara de goma.<\/p>\n<p>El peligroso delincuente que viajaba con tres m\u00e1s con intenciones de cometer un robo , tiene 26 a\u00f1os, pose\u00eda una captura activa acusado de \u201cHomicidio agravado por el uso de armas de fuego en grado de tentativa- lesiones culposas agravadas\u201d desde el 31 de enero pasado.<\/p>\n<p>Seg\u00fan la investigaci\u00f3n, ese hombre hab\u00eda mantenido una discusi\u00f3n con un vecino de la calle Hip\u00f3lito Yrigoyen al 2000, que finaliz\u00f3 con un enfrentamiento armado sin v\u00edctimas. Sin embargo, el malviviente volvi\u00f3 a pasar por ese domicilio d\u00edas despu\u00e9s y realiz\u00f3 varios disparos hacia la vivienda, ocasion\u00e1ndole una herida en la zona abdominal al hijo del due\u00f1o de casa, de 12 a\u00f1os. (Baradero Te Informa)<\/p>\n","protected":false},"excerpt":{"rendered":"<p>Cuatro delincuentes fueron detenidos el s\u00e1bado por personal de Vial Alsina, DDI Baradero \u2013 San Pedro y Polic\u00eda Comunal. La interceptaci\u00f3n del veh\u00edculo fue en el Km 129,500 y uno de los aprehendidos tiene pedido de captura por el homicidio de un ni\u00f1o de 12 a\u00f1os. En el interior del auto se encontraron pistolas, handys, [&hellip;]<\/p>\n","protected":false},"author":4,"featured_media":17306,"comment_status":"open","ping_status":"closed","sticky":false,"template":"","format":"standard","meta":{"om_disable_all_campaigns":false,"_jetpack_memberships_contains_paid_content":false,"footnotes":""},"categories":[621],"tags":[],"class_list":["post-17304","post","type-post","status-publish","format-standard","has-post-thumbnail","hentry","category-regionales"],"aioseo_notices":[],"gutentor_comment":0,"jetpack_featured_media_url":"https:\/\/eldiariodesanpedro.com.ar\/sitio\/wp-content\/uploads\/2017\/04\/El-procedimiento-realizado-el-s\u00e1bado-pasado-en-la-Ruta-9.jpg","jetpack_shortlink":"https:\/\/wp.me\/p6RhLt-4v6","jetpack_sharing_enabled":true,"_links":{"self":[{"href":"https:\/\/eldiariodesanpedro.com.ar\/sitio\/wp-json\/wp\/v2\/posts\/17304","targetHints":{"allow":["GET"]}}],"collection":[{"href":"https:\/\/eldiariodesanpedro.com.ar\/sitio\/wp-json\/wp\/v2\/posts"}],"about":[{"href":"https:\/\/eldiariodesanpedro.com.ar\/sitio\/wp-json\/wp\/v2\/types\/post"}],"author":[{"embeddable":true,"href":"https:\/\/eldiariodesanpedro.com.ar\/sitio\/wp-json\/wp\/v2\/users\/4"}],"replies":[{"embeddable":true,"href":"https:\/\/eldiariodesanpedro.com.ar\/sitio\/wp-json\/wp\/v2\/comments?post=17304"}],"version-history":[{"count":1,"href":"https:\/\/eldiariodesanpedro.com.ar\/sitio\/wp-json\/wp\/v2\/posts\/17304\/revisions"}],"predecessor-version":[{"id":17308,"href":"https:\/\/eldiariodesanpedro.com.ar\/sitio\/wp-json\/wp\/v2\/posts\/17304\/revisions\/17308"}],"wp:featuredmedia":[{"embeddable":true,"href":"https:\/\/eldiariodesanpedro.com.ar\/sitio\/wp-json\/wp\/v2\/media\/17306"}],"wp:attachment":[{"href":"https:\/\/eldiariodesanpedro.com.ar\/sitio\/wp-json\/wp\/v2\/media?parent=17304"}],"wp:term":[{"taxonomy":"category","embeddable":true,"href":"https:\/\/eldiariodesanpedro.com.ar\/sitio\/wp-json\/wp\/v2\/categories?post=17304"},{"taxonomy":"post_tag","embeddable":true,"href":"https:\/\/eldiariodesanpedro.com.ar\/sitio\/wp-json\/wp\/v2\/tags?post=17304"}],"curies":[{"name":"wp","href":"https:\/\/api.w.org\/{rel}","templated":true}]}}