{"id":17296,"date":"2017-04-12T18:25:58","date_gmt":"2017-04-12T21:25:58","guid":{"rendered":"https:\/\/eldiariodesanpedro.com.ar\/sitio\/?p=17296"},"modified":"2017-04-12T18:25:58","modified_gmt":"2017-04-12T21:25:58","slug":"arreglan-los-techos-del-hospital-y-se-equipo-algunos-sectores-con-iluminacion-led","status":"publish","type":"post","link":"https:\/\/eldiariodesanpedro.com.ar\/sitio\/arreglan-los-techos-del-hospital-y-se-equipo-algunos-sectores-con-iluminacion-led\/","title":{"rendered":"Arreglan los techos del Hospital y se equip\u00f3 algunos sectores con iluminaci\u00f3n LED"},"content":{"rendered":"<p><!-- VideographyWP Plugin Message: Automatic video embedding prevented by plugin options. --><br \/>\n\u201cSe est\u00e1n haciendo las obras de reparaci\u00f3n del techo de la Guardia, que ten\u00edamos problemas de filtraciones. Son problemas que vienen de larga data y que d\u00eda a d\u00eda requieren un trabajo continuo en el Hospital\u201d, explic\u00f3 el Secretario de Salud Edgar Britos.<\/p>\n<p>En tanto que por otro lado se refiri\u00f3 a la adquisici\u00f3n de nuevo equipamiento para el nosocomio: \u201cEst\u00e1 en proceso de licitaci\u00f3n de un aparato de video laparoscop\u00eda, eso nos permite mejorar la calidad de atenci\u00f3n del \u00e1rea quir\u00fargica\u201d. Y consider\u00f3: \u201cEs mucho lo que ha aumentado la demanda y el trabajo en el Hospital y eso tiene que ir acompa\u00f1ado de la inversi\u00f3n y de la adquisici\u00f3n de instrumental adecuado\u201d.<\/p>\n<p>En tanto que el funcionario se refiri\u00f3 a la situaci\u00f3n de los profesionales de la salud que demandan cobrar los primeros d\u00edas del mes. \u00abHay un compromiso de los profesionales, a los cuales hay que agradecerles que se pongan en el lugar y entiendan las necesidades la gente y eso est\u00e1 dejando ver que el municipio est\u00e1 respondiendo a los reclamos\u00bb. <\/p>\n<p>\u00abEs una preocupaci\u00f3n que compartimos que ser\u00eda \u00f3ptimos cobrar el d\u00eda 1 creo que desdoblar el salario pero garantiz\u00e1ndolo no estamos conformes es la la alternativa que existe y pretendemos ir regularizando en la medida que se pueda concretar\u00bb, agreg\u00f3. <\/p>\n<p>\u00abLo importante ac\u00e1 es mencionar que no existe ninguna deuda con los profesionales y que de a poco se est\u00e1n reconociendo todos los derechos\u00bb, finaliz\u00f3. <\/p>\n","protected":false},"excerpt":{"rendered":"<p>\u201cSe est\u00e1n haciendo las obras de reparaci\u00f3n del techo de la Guardia, que ten\u00edamos problemas de filtraciones. Son problemas que vienen de larga data y que d\u00eda a d\u00eda requieren un trabajo continuo en el Hospital\u201d, explic\u00f3 el Secretario de Salud Edgar Britos. En tanto que por otro lado se refiri\u00f3 a la adquisici\u00f3n de [&hellip;]<\/p>\n","protected":false},"author":4,"featured_media":17299,"comment_status":"open","ping_status":"closed","sticky":false,"template":"","format":"standard","meta":{"om_disable_all_campaigns":false,"_jetpack_memberships_contains_paid_content":false,"footnotes":""},"categories":[101,2],"tags":[],"class_list":["post-17296","post","type-post","status-publish","format-standard","has-post-thumbnail","hentry","category-interes-general-locales","category-locales"],"aioseo_notices":[],"gutentor_comment":0,"jetpack_featured_media_url":"https:\/\/eldiariodesanpedro.com.ar\/sitio\/wp-content\/uploads\/2017\/04\/Los-trabajos-en-el-techo-del-nosocomio.jpg","jetpack_shortlink":"https:\/\/wp.me\/p6RhLt-4uY","jetpack_sharing_enabled":true,"_links":{"self":[{"href":"https:\/\/eldiariodesanpedro.com.ar\/sitio\/wp-json\/wp\/v2\/posts\/17296","targetHints":{"allow":["GET"]}}],"collection":[{"href":"https:\/\/eldiariodesanpedro.com.ar\/sitio\/wp-json\/wp\/v2\/posts"}],"about":[{"href":"https:\/\/eldiariodesanpedro.com.ar\/sitio\/wp-json\/wp\/v2\/types\/post"}],"author":[{"embeddable":true,"href":"https:\/\/eldiariodesanpedro.com.ar\/sitio\/wp-json\/wp\/v2\/users\/4"}],"replies":[{"embeddable":true,"href":"https:\/\/eldiariodesanpedro.com.ar\/sitio\/wp-json\/wp\/v2\/comments?post=17296"}],"version-history":[{"count":1,"href":"https:\/\/eldiariodesanpedro.com.ar\/sitio\/wp-json\/wp\/v2\/posts\/17296\/revisions"}],"predecessor-version":[{"id":17298,"href":"https:\/\/eldiariodesanpedro.com.ar\/sitio\/wp-json\/wp\/v2\/posts\/17296\/revisions\/17298"}],"wp:featuredmedia":[{"embeddable":true,"href":"https:\/\/eldiariodesanpedro.com.ar\/sitio\/wp-json\/wp\/v2\/media\/17299"}],"wp:attachment":[{"href":"https:\/\/eldiariodesanpedro.com.ar\/sitio\/wp-json\/wp\/v2\/media?parent=17296"}],"wp:term":[{"taxonomy":"category","embeddable":true,"href":"https:\/\/eldiariodesanpedro.com.ar\/sitio\/wp-json\/wp\/v2\/categories?post=17296"},{"taxonomy":"post_tag","embeddable":true,"href":"https:\/\/eldiariodesanpedro.com.ar\/sitio\/wp-json\/wp\/v2\/tags?post=17296"}],"curies":[{"name":"wp","href":"https:\/\/api.w.org\/{rel}","templated":true}]}}