{"id":17292,"date":"2017-04-11T20:42:13","date_gmt":"2017-04-11T23:42:13","guid":{"rendered":"https:\/\/eldiariodesanpedro.com.ar\/sitio\/?p=17292"},"modified":"2026-01-24T00:26:43","modified_gmt":"2026-01-24T03:26:43","slug":"afa-en-el-consejo-federal-de-afa-hugo-cejas-y-carlos-garcia-junto-al-nuevo-presidente","status":"publish","type":"post","link":"https:\/\/eldiariodesanpedro.com.ar\/sitio\/afa-en-el-consejo-federal-de-afa-hugo-cejas-y-carlos-garcia-junto-al-nuevo-presidente\/","title":{"rendered":"AFA: En el Consejo Federal de AFA: Hugo Cejas y Carlos Garc\u00eda junto al nuevo presidente"},"content":{"rendered":"<p><!-- VideographyWP Plugin Message: Automatic video embedding prevented by plugin options. --><br \/>\n  Este lunes en el Consejo Federal (CF) de AFA la Liga Nicole\u00f1a de F\u00fatbol representada por su presidente Dr. Gustavo Ouakim y la Liga de San Pedro representada por Hugo Cejas y Carlos Garc\u00eda, estuvieron en el ente mayor del f\u00fatbol del interior reunidos con las nuevas autoridades, encabezadas por Juan Pablo Beacon. <\/p>\n<p>  Expres\u00f3 Cejas a FM G\u00e9nesis: \u201cA\u00f1os atr\u00e1s se complicaba llegar al CF, pero esta dirigencia nos abri\u00f3 la puerta y brinda posibilidades de realizaci\u00f3n de muchos proyectos para las ligas del interior, como incorporar el f\u00fatbol femenino y f\u00fatbol playa que, hoy son muy fuertes en AFA\u201d. <\/p>\n<p>  \u201cFuimos a sacarnos algunas dudas, el actual presidente es una persona joven, pero con mucha experiencia. Conoce la realidad de las ligas y juntos podemos mejorar. Hoy con San Nicol\u00e1s y Baradero (por cercan\u00eda) tenemos que trabajar juntos, adem\u00e1s de Federaci\u00f3n Norte donde estamos afiliados. Fue la primera, seguramente de muchas m\u00e1s\u00bb.<\/p>\n","protected":false},"excerpt":{"rendered":"<p>Este lunes en el Consejo Federal (CF) de AFA la Liga Nicole\u00f1a de F\u00fatbol representada por su presidente Dr. Gustavo Ouakim y la Liga de San Pedro representada por Hugo Cejas y Carlos Garc\u00eda, estuvieron en el ente mayor del f\u00fatbol del interior reunidos con las nuevas autoridades, encabezadas por Juan Pablo Beacon. Expres\u00f3 Cejas [&hellip;]<\/p>\n","protected":false},"author":4,"featured_media":17293,"comment_status":"open","ping_status":"closed","sticky":false,"template":"","format":"standard","meta":{"om_disable_all_campaigns":false,"_jetpack_memberships_contains_paid_content":false,"footnotes":""},"categories":[5],"tags":[],"class_list":["post-17292","post","type-post","status-publish","format-standard","has-post-thumbnail","hentry","category-deportes"],"aioseo_notices":[],"gutentor_comment":0,"jetpack_featured_media_url":"https:\/\/eldiariodesanpedro.com.ar\/sitio\/wp-content\/uploads\/2017\/04\/Cejas-Garc\u00eda-Ouakim-y-dirigentes-del-CF-de-AFA.jpg","jetpack_shortlink":"https:\/\/wp.me\/p6RhLt-4uU","jetpack_sharing_enabled":true,"_links":{"self":[{"href":"https:\/\/eldiariodesanpedro.com.ar\/sitio\/wp-json\/wp\/v2\/posts\/17292","targetHints":{"allow":["GET"]}}],"collection":[{"href":"https:\/\/eldiariodesanpedro.com.ar\/sitio\/wp-json\/wp\/v2\/posts"}],"about":[{"href":"https:\/\/eldiariodesanpedro.com.ar\/sitio\/wp-json\/wp\/v2\/types\/post"}],"author":[{"embeddable":true,"href":"https:\/\/eldiariodesanpedro.com.ar\/sitio\/wp-json\/wp\/v2\/users\/4"}],"replies":[{"embeddable":true,"href":"https:\/\/eldiariodesanpedro.com.ar\/sitio\/wp-json\/wp\/v2\/comments?post=17292"}],"version-history":[{"count":1,"href":"https:\/\/eldiariodesanpedro.com.ar\/sitio\/wp-json\/wp\/v2\/posts\/17292\/revisions"}],"predecessor-version":[{"id":17294,"href":"https:\/\/eldiariodesanpedro.com.ar\/sitio\/wp-json\/wp\/v2\/posts\/17292\/revisions\/17294"}],"wp:featuredmedia":[{"embeddable":true,"href":"https:\/\/eldiariodesanpedro.com.ar\/sitio\/wp-json\/wp\/v2\/media\/17293"}],"wp:attachment":[{"href":"https:\/\/eldiariodesanpedro.com.ar\/sitio\/wp-json\/wp\/v2\/media?parent=17292"}],"wp:term":[{"taxonomy":"category","embeddable":true,"href":"https:\/\/eldiariodesanpedro.com.ar\/sitio\/wp-json\/wp\/v2\/categories?post=17292"},{"taxonomy":"post_tag","embeddable":true,"href":"https:\/\/eldiariodesanpedro.com.ar\/sitio\/wp-json\/wp\/v2\/tags?post=17292"}],"curies":[{"name":"wp","href":"https:\/\/api.w.org\/{rel}","templated":true}]}}