{"id":17285,"date":"2017-04-11T20:25:38","date_gmt":"2017-04-11T23:25:38","guid":{"rendered":"https:\/\/eldiariodesanpedro.com.ar\/sitio\/?p=17285"},"modified":"2026-01-24T00:26:43","modified_gmt":"2026-01-24T03:26:43","slug":"patin-artistico-america-mitre-parana-y-pescadores-clasificadas-al-nacional-b","status":"publish","type":"post","link":"https:\/\/eldiariodesanpedro.com.ar\/sitio\/patin-artistico-america-mitre-parana-y-pescadores-clasificadas-al-nacional-b\/","title":{"rendered":"PAT\u00cdN ART\u00cdSTICO: Am\u00e9rica, Mitre, Paran\u00e1 y Pescadores: Clasificadas al Nacional B"},"content":{"rendered":"<p><!-- VideographyWP Plugin Message: Automatic video embedding prevented by plugin options. --><br \/>\nDeportistas de nuestra ciudad estar\u00e1n presentes desde el 8 hasta el 13 de mayo en el Nacional \u201cB\u201d de Pat\u00edn que se llevar\u00e1 a cabo en la ciudad de Rosario, Santa Fe, representando a los clubes enunciados. <\/p>\n<p><strong>Actuaciones de las deportistas<\/strong><\/p>\n<p>  El Club Sportivo Am\u00e9rica particip\u00f3 del clasificatorio en la Asociaci\u00f3n Atl\u00e9tica Argentinos Juniors, logrando Lari \u00c1lvarez el 1er puesto en el Regional el d\u00eda s\u00e1bado. <\/p>\n<p>  El domingo en el Selectivo del Nacional Yohana Tau fue 2da, clasificando para el Nacional \u201cB\u201d. Osvaldo \u00c1lvarez es el entrenador del equipo de la ribera. <\/p>\n<p><a href=\"https:\/\/eldiariodesanpedro.com.ar\/sitio\/wp-content\/uploads\/2017\/04\/\u00c1lvarez-y-Tau-felices-luego-de-un-domingo-de-gran-actuaci\u00f3n-foto-Facebook-.jpg\"><img decoding=\"async\" data-attachment-id=\"17287\" data-permalink=\"https:\/\/eldiariodesanpedro.com.ar\/sitio\/patin-artistico-america-mitre-parana-y-pescadores-clasificadas-al-nacional-b\/alvarez-y-tau-felices-luego-de-un-domingo-de-gran-actuacion-foto-facebook\/\" data-orig-file=\"https:\/\/eldiariodesanpedro.com.ar\/sitio\/wp-content\/uploads\/2017\/04\/\u00c1lvarez-y-Tau-felices-luego-de-un-domingo-de-gran-actuaci\u00f3n-foto-Facebook-.jpg\" data-orig-size=\"602,752\" data-comments-opened=\"1\" data-image-meta=\"{&quot;aperture&quot;:&quot;0&quot;,&quot;credit&quot;:&quot;&quot;,&quot;camera&quot;:&quot;&quot;,&quot;caption&quot;:&quot;&quot;,&quot;created_timestamp&quot;:&quot;0&quot;,&quot;copyright&quot;:&quot;&quot;,&quot;focal_length&quot;:&quot;0&quot;,&quot;iso&quot;:&quot;0&quot;,&quot;shutter_speed&quot;:&quot;0&quot;,&quot;title&quot;:&quot;&quot;,&quot;orientation&quot;:&quot;0&quot;}\" data-image-title=\"\u00c1lvarez y Tau, felices luego de un domingo de gran actuaci\u00f3n (foto Facebook)\" data-image-description=\"\" data-image-caption=\"\" data-large-file=\"https:\/\/eldiariodesanpedro.com.ar\/sitio\/wp-content\/uploads\/2017\/04\/\u00c1lvarez-y-Tau-felices-luego-de-un-domingo-de-gran-actuaci\u00f3n-foto-Facebook-.jpg\" data-src=\"https:\/\/eldiariodesanpedro.com.ar\/sitio\/wp-content\/uploads\/2017\/04\/\u00c1lvarez-y-Tau-felices-luego-de-un-domingo-de-gran-actuaci\u00f3n-foto-Facebook--240x300.jpg\" alt=\"\" width=\"240\" height=\"300\" class=\"alignnone size-medium wp-image-17287 lazyload\" data-srcset=\"https:\/\/eldiariodesanpedro.com.ar\/sitio\/wp-content\/uploads\/2017\/04\/\u00c1lvarez-y-Tau-felices-luego-de-un-domingo-de-gran-actuaci\u00f3n-foto-Facebook--240x300.jpg 240w, https:\/\/eldiariodesanpedro.com.ar\/sitio\/wp-content\/uploads\/2017\/04\/\u00c1lvarez-y-Tau-felices-luego-de-un-domingo-de-gran-actuaci\u00f3n-foto-Facebook-.jpg 602w\" data-sizes=\"(max-width: 240px) 100vw, 240px\" src=\"data:image\/svg+xml;base64,PHN2ZyB3aWR0aD0iMSIgaGVpZ2h0PSIxIiB4bWxucz0iaHR0cDovL3d3dy53My5vcmcvMjAwMC9zdmciPjwvc3ZnPg==\" style=\"--smush-placeholder-width: 240px; --smush-placeholder-aspect-ratio: 240\/300;\" \/><\/a><\/p>\n<p>Las chicas del Club Atl\u00e9tico Mitre participaron del Campeonato Provincial y Selectivo para el Nacional \u201cB\u201d en la ciudad de Pig\u00fc\u00e9. <\/p>\n<p>  La patinadora Serena Mu\u00f1oz de 12 a\u00f1os, logr\u00f3 ser campeona provincial en figuras obligatorias y qued\u00f3 en el 6to puesto en Libre. Isis Medina de 15 a\u00f1os, obtuvo el 3er puesto en figuras obligatorias y el 4to puesto en Libre. Y Celeste Ferreyra de 14 a\u00f1os obtuvo el 9no puesto en Escuela y el 7mo puesto en Libre. <\/p>\n<p>  Las alumnas Mu\u00f1oz y Medina fueron clasificadas para el Campeonato Nacional de la categor\u00eda \u201cB\u201d.  En dicho Campeonato Provincial participaron ciudades de toda la Provincia de Bs As, pertenecientes a la Federaci\u00f3n de la misma.<\/p>\n<p><a href=\"https:\/\/eldiariodesanpedro.com.ar\/sitio\/wp-content\/uploads\/2017\/04\/La-entrenadora-Ma-Paula-Ferreyra-junto-a-sus-alumnas.jpg\"><img decoding=\"async\" data-attachment-id=\"17288\" data-permalink=\"https:\/\/eldiariodesanpedro.com.ar\/sitio\/patin-artistico-america-mitre-parana-y-pescadores-clasificadas-al-nacional-b\/la-entrenadora-ma-paula-ferreyra-junto-a-sus-alumnas\/\" data-orig-file=\"https:\/\/eldiariodesanpedro.com.ar\/sitio\/wp-content\/uploads\/2017\/04\/La-entrenadora-Ma-Paula-Ferreyra-junto-a-sus-alumnas.jpg\" data-orig-size=\"581,1032\" data-comments-opened=\"1\" data-image-meta=\"{&quot;aperture&quot;:&quot;0&quot;,&quot;credit&quot;:&quot;&quot;,&quot;camera&quot;:&quot;&quot;,&quot;caption&quot;:&quot;&quot;,&quot;created_timestamp&quot;:&quot;0&quot;,&quot;copyright&quot;:&quot;&quot;,&quot;focal_length&quot;:&quot;0&quot;,&quot;iso&quot;:&quot;0&quot;,&quot;shutter_speed&quot;:&quot;0&quot;,&quot;title&quot;:&quot;&quot;,&quot;orientation&quot;:&quot;0&quot;}\" data-image-title=\"La entrenadora Ma Paula Ferreyra junto a sus alumnas\" data-image-description=\"\" data-image-caption=\"\" data-large-file=\"https:\/\/eldiariodesanpedro.com.ar\/sitio\/wp-content\/uploads\/2017\/04\/La-entrenadora-Ma-Paula-Ferreyra-junto-a-sus-alumnas-576x1024.jpg\" data-src=\"https:\/\/eldiariodesanpedro.com.ar\/sitio\/wp-content\/uploads\/2017\/04\/La-entrenadora-Ma-Paula-Ferreyra-junto-a-sus-alumnas-169x300.jpg\" alt=\"\" width=\"169\" height=\"300\" class=\"alignnone size-medium wp-image-17288 lazyload\" data-srcset=\"https:\/\/eldiariodesanpedro.com.ar\/sitio\/wp-content\/uploads\/2017\/04\/La-entrenadora-Ma-Paula-Ferreyra-junto-a-sus-alumnas-169x300.jpg 169w, https:\/\/eldiariodesanpedro.com.ar\/sitio\/wp-content\/uploads\/2017\/04\/La-entrenadora-Ma-Paula-Ferreyra-junto-a-sus-alumnas-576x1024.jpg 576w, https:\/\/eldiariodesanpedro.com.ar\/sitio\/wp-content\/uploads\/2017\/04\/La-entrenadora-Ma-Paula-Ferreyra-junto-a-sus-alumnas.jpg 581w\" data-sizes=\"(max-width: 169px) 100vw, 169px\" src=\"data:image\/svg+xml;base64,PHN2ZyB3aWR0aD0iMSIgaGVpZ2h0PSIxIiB4bWxucz0iaHR0cDovL3d3dy53My5vcmcvMjAwMC9zdmciPjwvc3ZnPg==\" style=\"--smush-placeholder-width: 169px; --smush-placeholder-aspect-ratio: 169\/300;\" \/><\/a><\/p>\n<p>  Las representantes de Paran\u00e1 FC concurrieron al clasificatorio para el Nacional que se disput\u00f3 en el Club Porte\u00f1o de Gral. Rodr\u00edguez el pasado fin de semana acompa\u00f1adas por su entrenadora Carina Ruiz. Violeta Nouet fue 2da y qued\u00f3 dentro de las clasificadas para el Nacional de Rosario; mientas que Alisa P\u00e1ez obtuvo el 7mo lugar. <\/p>\n<p><a href=\"https:\/\/eldiariodesanpedro.com.ar\/sitio\/wp-content\/uploads\/2017\/04\/Las-competidoras-Violeta-y-Alisa-junto-a-su-entrenadora-Carina-Ruiz.jpg\"><img decoding=\"async\" data-attachment-id=\"17289\" data-permalink=\"https:\/\/eldiariodesanpedro.com.ar\/sitio\/patin-artistico-america-mitre-parana-y-pescadores-clasificadas-al-nacional-b\/las-competidoras-violeta-y-alisa-junto-a-su-entrenadora-carina-ruiz\/\" data-orig-file=\"https:\/\/eldiariodesanpedro.com.ar\/sitio\/wp-content\/uploads\/2017\/04\/Las-competidoras-Violeta-y-Alisa-junto-a-su-entrenadora-Carina-Ruiz.jpg\" data-orig-size=\"428,762\" data-comments-opened=\"1\" data-image-meta=\"{&quot;aperture&quot;:&quot;0&quot;,&quot;credit&quot;:&quot;&quot;,&quot;camera&quot;:&quot;&quot;,&quot;caption&quot;:&quot;&quot;,&quot;created_timestamp&quot;:&quot;0&quot;,&quot;copyright&quot;:&quot;&quot;,&quot;focal_length&quot;:&quot;0&quot;,&quot;iso&quot;:&quot;0&quot;,&quot;shutter_speed&quot;:&quot;0&quot;,&quot;title&quot;:&quot;&quot;,&quot;orientation&quot;:&quot;0&quot;}\" data-image-title=\"Las competidoras Violeta y Alisa junto a su entrenadora Carina Ruiz\" data-image-description=\"\" data-image-caption=\"\" data-large-file=\"https:\/\/eldiariodesanpedro.com.ar\/sitio\/wp-content\/uploads\/2017\/04\/Las-competidoras-Violeta-y-Alisa-junto-a-su-entrenadora-Carina-Ruiz.jpg\" data-src=\"https:\/\/eldiariodesanpedro.com.ar\/sitio\/wp-content\/uploads\/2017\/04\/Las-competidoras-Violeta-y-Alisa-junto-a-su-entrenadora-Carina-Ruiz-169x300.jpg\" alt=\"\" width=\"169\" height=\"300\" class=\"alignnone size-medium wp-image-17289 lazyload\" data-srcset=\"https:\/\/eldiariodesanpedro.com.ar\/sitio\/wp-content\/uploads\/2017\/04\/Las-competidoras-Violeta-y-Alisa-junto-a-su-entrenadora-Carina-Ruiz-169x300.jpg 169w, https:\/\/eldiariodesanpedro.com.ar\/sitio\/wp-content\/uploads\/2017\/04\/Las-competidoras-Violeta-y-Alisa-junto-a-su-entrenadora-Carina-Ruiz.jpg 428w\" data-sizes=\"(max-width: 169px) 100vw, 169px\" src=\"data:image\/svg+xml;base64,PHN2ZyB3aWR0aD0iMSIgaGVpZ2h0PSIxIiB4bWxucz0iaHR0cDovL3d3dy53My5vcmcvMjAwMC9zdmciPjwvc3ZnPg==\" style=\"--smush-placeholder-width: 169px; --smush-placeholder-aspect-ratio: 169\/300;\" \/><\/a><\/p>\n<p>  El Club Pescadores tambi\u00e9n present\u00f3 su equipo, en este caso en el Club Platense de Vicente L\u00f3pez. Abril Medina Casco y Quimey Leiva clasificaron al Nacional de la categor\u00eda \u201cB\u201d luego de sus actuaciones este fin de semana. La entrenadora de Pescadores es Eliana Gonz\u00e1lez.<\/p>\n<p><a href=\"https:\/\/eldiariodesanpedro.com.ar\/sitio\/wp-content\/uploads\/2017\/04\/Medina-Casco-y-Leiva-con-el-diploma-que-acredita-su-clasificaci\u00f3n.jpg\"><img decoding=\"async\" data-attachment-id=\"17290\" data-permalink=\"https:\/\/eldiariodesanpedro.com.ar\/sitio\/patin-artistico-america-mitre-parana-y-pescadores-clasificadas-al-nacional-b\/medina-casco-y-leiva-con-el-diploma-que-acredita-su-clasificacion\/\" data-orig-file=\"https:\/\/eldiariodesanpedro.com.ar\/sitio\/wp-content\/uploads\/2017\/04\/Medina-Casco-y-Leiva-con-el-diploma-que-acredita-su-clasificaci\u00f3n.jpg\" data-orig-size=\"720,1280\" data-comments-opened=\"1\" data-image-meta=\"{&quot;aperture&quot;:&quot;0&quot;,&quot;credit&quot;:&quot;&quot;,&quot;camera&quot;:&quot;&quot;,&quot;caption&quot;:&quot;&quot;,&quot;created_timestamp&quot;:&quot;0&quot;,&quot;copyright&quot;:&quot;&quot;,&quot;focal_length&quot;:&quot;0&quot;,&quot;iso&quot;:&quot;0&quot;,&quot;shutter_speed&quot;:&quot;0&quot;,&quot;title&quot;:&quot;&quot;,&quot;orientation&quot;:&quot;0&quot;}\" data-image-title=\"Medina Casco y Leiva con el diploma que acredita su clasificaci\u00f3n\" data-image-description=\"\" data-image-caption=\"\" data-large-file=\"https:\/\/eldiariodesanpedro.com.ar\/sitio\/wp-content\/uploads\/2017\/04\/Medina-Casco-y-Leiva-con-el-diploma-que-acredita-su-clasificaci\u00f3n-576x1024.jpg\" data-src=\"https:\/\/eldiariodesanpedro.com.ar\/sitio\/wp-content\/uploads\/2017\/04\/Medina-Casco-y-Leiva-con-el-diploma-que-acredita-su-clasificaci\u00f3n-169x300.jpg\" alt=\"\" width=\"169\" height=\"300\" class=\"alignnone size-medium wp-image-17290 lazyload\" data-srcset=\"https:\/\/eldiariodesanpedro.com.ar\/sitio\/wp-content\/uploads\/2017\/04\/Medina-Casco-y-Leiva-con-el-diploma-que-acredita-su-clasificaci\u00f3n-169x300.jpg 169w, https:\/\/eldiariodesanpedro.com.ar\/sitio\/wp-content\/uploads\/2017\/04\/Medina-Casco-y-Leiva-con-el-diploma-que-acredita-su-clasificaci\u00f3n-576x1024.jpg 576w, https:\/\/eldiariodesanpedro.com.ar\/sitio\/wp-content\/uploads\/2017\/04\/Medina-Casco-y-Leiva-con-el-diploma-que-acredita-su-clasificaci\u00f3n.jpg 720w\" data-sizes=\"(max-width: 169px) 100vw, 169px\" src=\"data:image\/svg+xml;base64,PHN2ZyB3aWR0aD0iMSIgaGVpZ2h0PSIxIiB4bWxucz0iaHR0cDovL3d3dy53My5vcmcvMjAwMC9zdmciPjwvc3ZnPg==\" style=\"--smush-placeholder-width: 169px; --smush-placeholder-aspect-ratio: 169\/300;\" \/><\/a><\/p>\n","protected":false},"excerpt":{"rendered":"<p>Deportistas de nuestra ciudad estar\u00e1n presentes desde el 8 hasta el 13 de mayo en el Nacional \u201cB\u201d de Pat\u00edn que se llevar\u00e1 a cabo en la ciudad de Rosario, Santa Fe, representando a los clubes enunciados. Actuaciones de las deportistas El Club Sportivo Am\u00e9rica particip\u00f3 del clasificatorio en la Asociaci\u00f3n Atl\u00e9tica Argentinos Juniors, logrando [&hellip;]<\/p>\n","protected":false},"author":4,"featured_media":17286,"comment_status":"open","ping_status":"closed","sticky":false,"template":"","format":"standard","meta":{"om_disable_all_campaigns":false,"_jetpack_memberships_contains_paid_content":false,"footnotes":""},"categories":[5],"tags":[],"class_list":["post-17285","post","type-post","status-publish","format-standard","has-post-thumbnail","hentry","category-deportes"],"aioseo_notices":[],"gutentor_comment":0,"jetpack_featured_media_url":"https:\/\/eldiariodesanpedro.com.ar\/sitio\/wp-content\/uploads\/2017\/04\/patin-artistico.jpg","jetpack_shortlink":"https:\/\/wp.me\/p6RhLt-4uN","jetpack_sharing_enabled":true,"_links":{"self":[{"href":"https:\/\/eldiariodesanpedro.com.ar\/sitio\/wp-json\/wp\/v2\/posts\/17285","targetHints":{"allow":["GET"]}}],"collection":[{"href":"https:\/\/eldiariodesanpedro.com.ar\/sitio\/wp-json\/wp\/v2\/posts"}],"about":[{"href":"https:\/\/eldiariodesanpedro.com.ar\/sitio\/wp-json\/wp\/v2\/types\/post"}],"author":[{"embeddable":true,"href":"https:\/\/eldiariodesanpedro.com.ar\/sitio\/wp-json\/wp\/v2\/users\/4"}],"replies":[{"embeddable":true,"href":"https:\/\/eldiariodesanpedro.com.ar\/sitio\/wp-json\/wp\/v2\/comments?post=17285"}],"version-history":[{"count":1,"href":"https:\/\/eldiariodesanpedro.com.ar\/sitio\/wp-json\/wp\/v2\/posts\/17285\/revisions"}],"predecessor-version":[{"id":17291,"href":"https:\/\/eldiariodesanpedro.com.ar\/sitio\/wp-json\/wp\/v2\/posts\/17285\/revisions\/17291"}],"wp:featuredmedia":[{"embeddable":true,"href":"https:\/\/eldiariodesanpedro.com.ar\/sitio\/wp-json\/wp\/v2\/media\/17286"}],"wp:attachment":[{"href":"https:\/\/eldiariodesanpedro.com.ar\/sitio\/wp-json\/wp\/v2\/media?parent=17285"}],"wp:term":[{"taxonomy":"category","embeddable":true,"href":"https:\/\/eldiariodesanpedro.com.ar\/sitio\/wp-json\/wp\/v2\/categories?post=17285"},{"taxonomy":"post_tag","embeddable":true,"href":"https:\/\/eldiariodesanpedro.com.ar\/sitio\/wp-json\/wp\/v2\/tags?post=17285"}],"curies":[{"name":"wp","href":"https:\/\/api.w.org\/{rel}","templated":true}]}}