{"id":17275,"date":"2017-04-11T19:15:11","date_gmt":"2017-04-11T22:15:11","guid":{"rendered":"https:\/\/eldiariodesanpedro.com.ar\/sitio\/?p=17275"},"modified":"2017-04-11T19:15:11","modified_gmt":"2017-04-11T22:15:11","slug":"acusaciones-cruzadas-entre-bennazar-y-domenge","status":"publish","type":"post","link":"https:\/\/eldiariodesanpedro.com.ar\/sitio\/acusaciones-cruzadas-entre-bennazar-y-domenge\/","title":{"rendered":"Acusaciones cruzadas entre Bennazar y Domenge"},"content":{"rendered":"<p><!-- VideographyWP Plugin Message: Automatic video embedding prevented by plugin options. --><br \/>\nLa pol\u00e9mica se instal\u00f3 luego que el ex funcionario municipal renunciara a su cargo la semana pasada. A trav\u00e9s de \u201cLa Radio 92.3\u201d tanto Fernando Bennazar como Alejandro Domenge dieron a conocer su versi\u00f3n sobre lo que fue la discusi\u00f3n en torno a la designaci\u00f3n de quien estar\u00e1 a cargo de la Escuela de Triatl\u00f3n local.<\/p>\n<p>En principio el ex Director de Deportes, sostuvo que su dimisi\u00f3n al puesto estuvo relacionado a \u201cun estr\u00e9s de trabajo\u201d y agreg\u00f3. \u201cEstar cargado en una funci\u00f3n p\u00fablica y que uno no est\u00e1 acostumbrado. Estar observado y controlado por la sociedad y creo que eso me jug\u00f3 una mala pasada porque no lo supe manejar. Pero problemas no tuve ninguno\u201d, aclar\u00f3.<\/p>\n<p>En cuanto a la pol\u00e9mica sobre qui\u00e9n fue designado a cargo de la escuela local de triatl\u00f3n: \u201cMe llamaron de la provincia y me dijeron que si bien vos lo designaste a Gallina hay otra persona inscripta y tenes que elegir con cu\u00e1l quer\u00e9s trabajar\u201d y yo opt\u00e9 por \u201cDami\u00e1n Gallina pero porque pens\u00e9 que era la persona m\u00e1s apta\u201d y \u201cel subsecretario de deportes me dijo Perfecto, y designamos a esta persona\u201d.<\/p>\n<p>Luego \u201cme llam\u00f3 Domenge y le dije: no tengo nada contra vos pero lo eleg\u00ed a Dami\u00e1n\u201d. <\/p>\n<p>\u201cHoy lo puedo decir , es una persona que nunca me gust\u00f3 c\u00f3mo trabaj\u00f3 de hecho hace un tiempo lo sacaron de la direcci\u00f3n de Deportes de Pescadores porque tuvieron un mont\u00f3n de diferencias con \u00e9l. Yo no puedo trabajar con una persona que es problem\u00e1tica\u201d, sentenci\u00f3.<\/p>\n<p>Por su parte Domenge, replic\u00f3: \u201cLa Escuela de Triatl\u00f3n hab\u00eda designada a mi nombre, hace un tiempo atr\u00e1s y \u00e9l (Bennazar) lo sab\u00eda en el momento que la Provincia le avisa que se iba a establecer esta escuela en San Pedro y que el cargo lo hab\u00eda designado la Federaci\u00f3n Argentina de Triatl\u00f3n en conjunto con la Direcci\u00f3n de Deportes de la Provincia, el nombramiento a cargo del nombre mio\u201d. <\/p>\n<p>\u201cLa causa no la s\u00e9, pero \u00e9l lo que hace es cambiar mi nombre para poner al se\u00f1or Gallina de entrenador\u201d y \u201ccuando yo lo llamo me dijo que no estaba al tanto y que cuando le avisan de la formaci\u00f3n de la escuela lo pone a Gallina porque lo ten\u00eda como referente a \u00e9l\u201d, sostuvo. <\/p>\n<p>\u201cEsto ya est\u00e1 adjudicado y me gustar\u00eda que no pongan ning\u00fan tipo de palos en la rueda para que esto salga desfavorable para m\u00ed\u201d.\u201dSe desentendi\u00f3 del tema y qued\u00f3\u201d, explic\u00f3. <\/p>\n<p>Adem\u00e1s \u201cno estaban de acuerdo por la federaci\u00f3n y por la Secretar\u00eda de Deportes que un funcionario haya cambiado un cargo a dedo\u201d, asever\u00f3 Domenge.<\/p>\n<p>\u201cYo fui a hacer un reclamo justo, porque le motivo de un cambio de un cargo que ya estaba designado\u201d, dijo luego. <\/p>\n","protected":false},"excerpt":{"rendered":"<p>La pol\u00e9mica se instal\u00f3 luego que el ex funcionario municipal renunciara a su cargo la semana pasada. A trav\u00e9s de \u201cLa Radio 92.3\u201d tanto Fernando Bennazar como Alejandro Domenge dieron a conocer su versi\u00f3n sobre lo que fue la discusi\u00f3n en torno a la designaci\u00f3n de quien estar\u00e1 a cargo de la Escuela de Triatl\u00f3n [&hellip;]<\/p>\n","protected":false},"author":4,"featured_media":17280,"comment_status":"open","ping_status":"closed","sticky":false,"template":"","format":"standard","meta":{"om_disable_all_campaigns":false,"_jetpack_memberships_contains_paid_content":false,"footnotes":""},"categories":[50,2,102],"tags":[],"class_list":["post-17275","post","type-post","status-publish","format-standard","has-post-thumbnail","hentry","category-destacadas","category-locales","category-politica-locales"],"aioseo_notices":[],"gutentor_comment":0,"jetpack_featured_media_url":"https:\/\/eldiariodesanpedro.com.ar\/sitio\/wp-content\/uploads\/2017\/04\/Fernando-Bennazar.jpg","jetpack_shortlink":"https:\/\/wp.me\/p6RhLt-4uD","jetpack_sharing_enabled":true,"_links":{"self":[{"href":"https:\/\/eldiariodesanpedro.com.ar\/sitio\/wp-json\/wp\/v2\/posts\/17275","targetHints":{"allow":["GET"]}}],"collection":[{"href":"https:\/\/eldiariodesanpedro.com.ar\/sitio\/wp-json\/wp\/v2\/posts"}],"about":[{"href":"https:\/\/eldiariodesanpedro.com.ar\/sitio\/wp-json\/wp\/v2\/types\/post"}],"author":[{"embeddable":true,"href":"https:\/\/eldiariodesanpedro.com.ar\/sitio\/wp-json\/wp\/v2\/users\/4"}],"replies":[{"embeddable":true,"href":"https:\/\/eldiariodesanpedro.com.ar\/sitio\/wp-json\/wp\/v2\/comments?post=17275"}],"version-history":[{"count":1,"href":"https:\/\/eldiariodesanpedro.com.ar\/sitio\/wp-json\/wp\/v2\/posts\/17275\/revisions"}],"predecessor-version":[{"id":17281,"href":"https:\/\/eldiariodesanpedro.com.ar\/sitio\/wp-json\/wp\/v2\/posts\/17275\/revisions\/17281"}],"wp:featuredmedia":[{"embeddable":true,"href":"https:\/\/eldiariodesanpedro.com.ar\/sitio\/wp-json\/wp\/v2\/media\/17280"}],"wp:attachment":[{"href":"https:\/\/eldiariodesanpedro.com.ar\/sitio\/wp-json\/wp\/v2\/media?parent=17275"}],"wp:term":[{"taxonomy":"category","embeddable":true,"href":"https:\/\/eldiariodesanpedro.com.ar\/sitio\/wp-json\/wp\/v2\/categories?post=17275"},{"taxonomy":"post_tag","embeddable":true,"href":"https:\/\/eldiariodesanpedro.com.ar\/sitio\/wp-json\/wp\/v2\/tags?post=17275"}],"curies":[{"name":"wp","href":"https:\/\/api.w.org\/{rel}","templated":true}]}}