{"id":17273,"date":"2017-04-11T19:21:05","date_gmt":"2017-04-11T22:21:05","guid":{"rendered":"https:\/\/eldiariodesanpedro.com.ar\/sitio\/?p=17273"},"modified":"2017-04-11T19:22:07","modified_gmt":"2017-04-11T22:22:07","slug":"detienen-a-dos-personas-por-diferentes-hechos","status":"publish","type":"post","link":"https:\/\/eldiariodesanpedro.com.ar\/sitio\/detienen-a-dos-personas-por-diferentes-hechos\/","title":{"rendered":"Detienen a dos personas por diferentes hechos"},"content":{"rendered":"<p><!-- VideographyWP Plugin Message: Automatic video embedding prevented by plugin options. --><br \/>\nEn el d\u00eda de hoy efectivos policiales detuvieron a dos personas en diferentes hechos.<\/p>\n<p>La primero de los dos fue aprehendido por por la violaci\u00f3n de un domicilio ubicado en San Mart\u00edn 2170, fue reducido en el patio de la vivienda una mujer de de 23 a\u00f1os de edad. La UFI N\u00ba 5 dispuso la aprehensi\u00f3n de esta delincuente y el traslado a la comisaria.<\/p>\n<p>En segunda oportunidad fue detenido una persona que pose\u00eda pedido de captura activo desde la provincia de Entre R\u00edos, mas precisamente de la ciudad de Concordia, hombre de 37 a\u00f1os de edad sobre quien pesa una causa por \u00abresistencia  la autoridad y portaci\u00f3n de arma de fuego\u00bb en dicha provincia. El Juzgado en lo correccional de Concordia dispuso la notificaci\u00f3n y la presentaci\u00f3n el d\u00eda de ma\u00f1ana en la sede judicial.<\/p>\n","protected":false},"excerpt":{"rendered":"<p>En el d\u00eda de hoy efectivos policiales detuvieron a dos personas en diferentes hechos. La primero de los dos fue aprehendido por por la violaci\u00f3n de un domicilio ubicado en San Mart\u00edn 2170, fue reducido en el patio de la vivienda una mujer de de 23 a\u00f1os de edad. La UFI N\u00ba 5 dispuso la [&hellip;]<\/p>\n","protected":false},"author":4,"featured_media":17282,"comment_status":"open","ping_status":"closed","sticky":false,"template":"","format":"standard","meta":{"om_disable_all_campaigns":false,"_jetpack_memberships_contains_paid_content":false,"footnotes":""},"categories":[50,2,103],"tags":[],"class_list":["post-17273","post","type-post","status-publish","format-standard","has-post-thumbnail","hentry","category-destacadas","category-locales","category-policiales-locales"],"aioseo_notices":[],"gutentor_comment":0,"jetpack_featured_media_url":"https:\/\/eldiariodesanpedro.com.ar\/sitio\/wp-content\/uploads\/2017\/04\/detenidos-1.jpg","jetpack_shortlink":"https:\/\/wp.me\/p6RhLt-4uB","jetpack_sharing_enabled":true,"_links":{"self":[{"href":"https:\/\/eldiariodesanpedro.com.ar\/sitio\/wp-json\/wp\/v2\/posts\/17273","targetHints":{"allow":["GET"]}}],"collection":[{"href":"https:\/\/eldiariodesanpedro.com.ar\/sitio\/wp-json\/wp\/v2\/posts"}],"about":[{"href":"https:\/\/eldiariodesanpedro.com.ar\/sitio\/wp-json\/wp\/v2\/types\/post"}],"author":[{"embeddable":true,"href":"https:\/\/eldiariodesanpedro.com.ar\/sitio\/wp-json\/wp\/v2\/users\/4"}],"replies":[{"embeddable":true,"href":"https:\/\/eldiariodesanpedro.com.ar\/sitio\/wp-json\/wp\/v2\/comments?post=17273"}],"version-history":[{"count":2,"href":"https:\/\/eldiariodesanpedro.com.ar\/sitio\/wp-json\/wp\/v2\/posts\/17273\/revisions"}],"predecessor-version":[{"id":17284,"href":"https:\/\/eldiariodesanpedro.com.ar\/sitio\/wp-json\/wp\/v2\/posts\/17273\/revisions\/17284"}],"wp:featuredmedia":[{"embeddable":true,"href":"https:\/\/eldiariodesanpedro.com.ar\/sitio\/wp-json\/wp\/v2\/media\/17282"}],"wp:attachment":[{"href":"https:\/\/eldiariodesanpedro.com.ar\/sitio\/wp-json\/wp\/v2\/media?parent=17273"}],"wp:term":[{"taxonomy":"category","embeddable":true,"href":"https:\/\/eldiariodesanpedro.com.ar\/sitio\/wp-json\/wp\/v2\/categories?post=17273"},{"taxonomy":"post_tag","embeddable":true,"href":"https:\/\/eldiariodesanpedro.com.ar\/sitio\/wp-json\/wp\/v2\/tags?post=17273"}],"curies":[{"name":"wp","href":"https:\/\/api.w.org\/{rel}","templated":true}]}}