{"id":17272,"date":"2017-04-11T19:07:12","date_gmt":"2017-04-11T22:07:12","guid":{"rendered":"https:\/\/eldiariodesanpedro.com.ar\/sitio\/?p=17272"},"modified":"2017-04-12T10:24:42","modified_gmt":"2017-04-12T13:24:42","slug":"nuevas-luminariad-led-para-el-hospital","status":"publish","type":"post","link":"https:\/\/eldiariodesanpedro.com.ar\/sitio\/nuevas-luminariad-led-para-el-hospital\/","title":{"rendered":"Nuevas luminariad LED para el Hospital"},"content":{"rendered":"<p><!-- VideographyWP Plugin Message: Automatic video embedding prevented by plugin options. --><br \/>\nEsta semana se instalaron las nuevas luminarias LED en diferentes dependencias del hospital Sub Zonal Dr. Emilio Ruffa. Est\u00e1n funcionando en la guardia y cocina y en los pr\u00f3ximos d\u00edas se seguir\u00e1n instalando en pediatr\u00eda, quir\u00f3fano y sala de parto. <\/p>\n<p>\u00abPusimos en marcha nuevas computadoras para los consultorios y as\u00ed agilizar la atenci\u00f3n diaria como el acceso a historias cl\u00ednicas, an\u00e1lisis y radiograf\u00edas de manera online. Se est\u00e1n reparando los techos de Oncolog\u00eda, Guardia General y Rayos X, seguimos invirtiendo en nuestro sistema de salud e infraestructura; seguimos creciendo, seguimos construyendo futuro\u00bb, expresaron desde la Municipalidad de San Pedro en su p\u00e1gina oficial de Facebook.<\/p>\n","protected":false},"excerpt":{"rendered":"<p>Esta semana se instalaron las nuevas luminarias LED en diferentes dependencias del hospital Sub Zonal Dr. Emilio Ruffa. Est\u00e1n funcionando en la guardia y cocina y en los pr\u00f3ximos d\u00edas se seguir\u00e1n instalando en pediatr\u00eda, quir\u00f3fano y sala de parto. \u00abPusimos en marcha nuevas computadoras para los consultorios y as\u00ed agilizar la atenci\u00f3n diaria como [&hellip;]<\/p>\n","protected":false},"author":4,"featured_media":17276,"comment_status":"open","ping_status":"closed","sticky":false,"template":"","format":"standard","meta":{"om_disable_all_campaigns":false,"_jetpack_memberships_contains_paid_content":false,"footnotes":""},"categories":[50,101,2],"tags":[],"class_list":["post-17272","post","type-post","status-publish","format-standard","has-post-thumbnail","hentry","category-destacadas","category-interes-general-locales","category-locales"],"aioseo_notices":[],"gutentor_comment":0,"jetpack_featured_media_url":"https:\/\/eldiariodesanpedro.com.ar\/sitio\/wp-content\/uploads\/2017\/04\/La-cocina-del-hospital-con-nueva-iluminaci\u00f3n.jpg","jetpack_shortlink":"https:\/\/wp.me\/p6RhLt-4uA","jetpack_sharing_enabled":true,"_links":{"self":[{"href":"https:\/\/eldiariodesanpedro.com.ar\/sitio\/wp-json\/wp\/v2\/posts\/17272","targetHints":{"allow":["GET"]}}],"collection":[{"href":"https:\/\/eldiariodesanpedro.com.ar\/sitio\/wp-json\/wp\/v2\/posts"}],"about":[{"href":"https:\/\/eldiariodesanpedro.com.ar\/sitio\/wp-json\/wp\/v2\/types\/post"}],"author":[{"embeddable":true,"href":"https:\/\/eldiariodesanpedro.com.ar\/sitio\/wp-json\/wp\/v2\/users\/4"}],"replies":[{"embeddable":true,"href":"https:\/\/eldiariodesanpedro.com.ar\/sitio\/wp-json\/wp\/v2\/comments?post=17272"}],"version-history":[{"count":1,"href":"https:\/\/eldiariodesanpedro.com.ar\/sitio\/wp-json\/wp\/v2\/posts\/17272\/revisions"}],"predecessor-version":[{"id":17277,"href":"https:\/\/eldiariodesanpedro.com.ar\/sitio\/wp-json\/wp\/v2\/posts\/17272\/revisions\/17277"}],"wp:featuredmedia":[{"embeddable":true,"href":"https:\/\/eldiariodesanpedro.com.ar\/sitio\/wp-json\/wp\/v2\/media\/17276"}],"wp:attachment":[{"href":"https:\/\/eldiariodesanpedro.com.ar\/sitio\/wp-json\/wp\/v2\/media?parent=17272"}],"wp:term":[{"taxonomy":"category","embeddable":true,"href":"https:\/\/eldiariodesanpedro.com.ar\/sitio\/wp-json\/wp\/v2\/categories?post=17272"},{"taxonomy":"post_tag","embeddable":true,"href":"https:\/\/eldiariodesanpedro.com.ar\/sitio\/wp-json\/wp\/v2\/tags?post=17272"}],"curies":[{"name":"wp","href":"https:\/\/api.w.org\/{rel}","templated":true}]}}