{"id":17261,"date":"2017-04-11T18:24:52","date_gmt":"2017-04-11T21:24:52","guid":{"rendered":"https:\/\/eldiariodesanpedro.com.ar\/sitio\/?p=17261"},"modified":"2017-04-11T18:24:52","modified_gmt":"2017-04-11T21:24:52","slug":"hay-alerta-en-pergamino-por-la-brusca-subida-del-arroyo","status":"publish","type":"post","link":"https:\/\/eldiariodesanpedro.com.ar\/sitio\/hay-alerta-en-pergamino-por-la-brusca-subida-del-arroyo\/","title":{"rendered":"Hay alerta en Pergamino por la \u201cbrusca subida\u201d del arroyo"},"content":{"rendered":"<p><!-- VideographyWP Plugin Message: Automatic video embedding prevented by plugin options. --><br \/>\nDurante la madrugada, la comuna emiti\u00f3 un alerta por la brusca subida del nivel del agua, por lo cual sali\u00f3 a dar \u201calerta de evacuaci\u00f3n\u201d. La ciudad se hab\u00eda inundado a fines de 2016.<\/p>\n<p>La Municipalidad de Pergamino alert\u00f3 durante la madrugada de hoy por una \u201cbrusca subida\u201d del Arroyo que atraviesa la ciudad, y encomend\u00f3 a los vecinos estar listos para seguir el plan de evacuaci\u00f3n.<\/p>\n<p>\u201cEl Arroyo de Pergamino ha sufrido una brusca subida en su caudal durante la madrugada\u201d, indic\u00f3 un parte de prensa emitido a las 5 de hoy, en el que se anticip\u00f3 que \u201csonar\u00e1n las sirenas de bomberos y municipalidad por al menos un  minuto y medio con un margen de algunas horas que permitir\u00e1 el accionar de evacuaci\u00f3n\u201d.<\/p>\n<p>\u201cEn estos momentos los Bomberos y el Municipio est\u00e1n dando el Alerta de Evacuaci\u00f3n en zonas de riesgo. Asimismo los centros de evacuaci\u00f3n ya est\u00e1n listos para recibir a la poblaci\u00f3n que lo necesite\u201d, a\u00f1ade la comunicaci\u00f3n.<\/p>\n<p>Hasta ayer, tanto la municipalidad como la Provincia asist\u00edan \u201cen seco\u201d a las familias que se negaban a ser evacuadas. Vale recordar que a fines de 2016, un temporal azot\u00f3 a esa localidad provocando una inundaci\u00f3n que dej\u00f3 un saldo de cientos de evacuados.<\/p>\n<p>Por entonces se estim\u00f3 que la soluci\u00f3n definitiva al problema era la concreci\u00f3n de un plan maestro que inclu\u00eda la construcci\u00f3n de un dique de contenci\u00f3n aguas arriba del arroyo Pergamino y cuyo costo se estima en m\u00e1s de 500 millones de pesos.<\/p>\n<p>La crisis h\u00eddrica no s\u00f3lo afecta a Pergamino. En las \u00faltimas semanas, distritos ubicados en distintos puntos de la Provincia, desde General Villegas, al Noroeste, hasta Mar del Plata, sufrieron graves inundaciones. (Infocielo)<\/p>\n","protected":false},"excerpt":{"rendered":"<p>Durante la madrugada, la comuna emiti\u00f3 un alerta por la brusca subida del nivel del agua, por lo cual sali\u00f3 a dar \u201calerta de evacuaci\u00f3n\u201d. La ciudad se hab\u00eda inundado a fines de 2016. La Municipalidad de Pergamino alert\u00f3 durante la madrugada de hoy por una \u201cbrusca subida\u201d del Arroyo que atraviesa la ciudad, y [&hellip;]<\/p>\n","protected":false},"author":4,"featured_media":17263,"comment_status":"open","ping_status":"closed","sticky":false,"template":"","format":"standard","meta":{"om_disable_all_campaigns":false,"_jetpack_memberships_contains_paid_content":false,"footnotes":""},"categories":[621],"tags":[],"class_list":["post-17261","post","type-post","status-publish","format-standard","has-post-thumbnail","hentry","category-regionales"],"aioseo_notices":[],"gutentor_comment":0,"jetpack_featured_media_url":"https:\/\/eldiariodesanpedro.com.ar\/sitio\/wp-content\/uploads\/2017\/04\/inundacion-pergamino.jpg","jetpack_shortlink":"https:\/\/wp.me\/p6RhLt-4up","jetpack_sharing_enabled":true,"_links":{"self":[{"href":"https:\/\/eldiariodesanpedro.com.ar\/sitio\/wp-json\/wp\/v2\/posts\/17261","targetHints":{"allow":["GET"]}}],"collection":[{"href":"https:\/\/eldiariodesanpedro.com.ar\/sitio\/wp-json\/wp\/v2\/posts"}],"about":[{"href":"https:\/\/eldiariodesanpedro.com.ar\/sitio\/wp-json\/wp\/v2\/types\/post"}],"author":[{"embeddable":true,"href":"https:\/\/eldiariodesanpedro.com.ar\/sitio\/wp-json\/wp\/v2\/users\/4"}],"replies":[{"embeddable":true,"href":"https:\/\/eldiariodesanpedro.com.ar\/sitio\/wp-json\/wp\/v2\/comments?post=17261"}],"version-history":[{"count":1,"href":"https:\/\/eldiariodesanpedro.com.ar\/sitio\/wp-json\/wp\/v2\/posts\/17261\/revisions"}],"predecessor-version":[{"id":17265,"href":"https:\/\/eldiariodesanpedro.com.ar\/sitio\/wp-json\/wp\/v2\/posts\/17261\/revisions\/17265"}],"wp:featuredmedia":[{"embeddable":true,"href":"https:\/\/eldiariodesanpedro.com.ar\/sitio\/wp-json\/wp\/v2\/media\/17263"}],"wp:attachment":[{"href":"https:\/\/eldiariodesanpedro.com.ar\/sitio\/wp-json\/wp\/v2\/media?parent=17261"}],"wp:term":[{"taxonomy":"category","embeddable":true,"href":"https:\/\/eldiariodesanpedro.com.ar\/sitio\/wp-json\/wp\/v2\/categories?post=17261"},{"taxonomy":"post_tag","embeddable":true,"href":"https:\/\/eldiariodesanpedro.com.ar\/sitio\/wp-json\/wp\/v2\/tags?post=17261"}],"curies":[{"name":"wp","href":"https:\/\/api.w.org\/{rel}","templated":true}]}}