{"id":17258,"date":"2017-04-11T18:23:14","date_gmt":"2017-04-11T21:23:14","guid":{"rendered":"https:\/\/eldiariodesanpedro.com.ar\/sitio\/?p=17258"},"modified":"2017-04-12T10:25:01","modified_gmt":"2017-04-12T13:25:01","slug":"fue-aprehendido-a-una-persona-con-una-pistola-que-estaba-cargada","status":"publish","type":"post","link":"https:\/\/eldiariodesanpedro.com.ar\/sitio\/fue-aprehendido-a-una-persona-con-una-pistola-que-estaba-cargada\/","title":{"rendered":"Fue aprehendido a una persona con una pistola que estaba cargada"},"content":{"rendered":"<p><!-- VideographyWP Plugin Message: Automatic video embedding prevented by plugin options. --><br \/>\nEl procedimiento realizado por el personal de la comisar\u00eda, ocurri\u00f3 en Lucio Mansilla y Bonorino. All\u00ed fue aprehendido un joven de 20 a\u00f1os que ten\u00eda en su poder una pistola. El arma, una pistola marca Bersa calibre 22 que ten\u00eda un proyectil en su interior, fue secuestrada por los uniformados.<\/p>\n<p>La UFI N\u00ba5 dispuso para con el imputado la notificaci\u00f3n del Art. 60 del C\u00f3digo Procesal Penal y su aprehensi\u00f3n.<\/p>\n","protected":false},"excerpt":{"rendered":"<p>El procedimiento realizado por el personal de la comisar\u00eda, ocurri\u00f3 en Lucio Mansilla y Bonorino. All\u00ed fue aprehendido un joven de 20 a\u00f1os que ten\u00eda en su poder una pistola. El arma, una pistola marca Bersa calibre 22 que ten\u00eda un proyectil en su interior, fue secuestrada por los uniformados. La UFI N\u00ba5 dispuso para [&hellip;]<\/p>\n","protected":false},"author":4,"featured_media":17260,"comment_status":"open","ping_status":"closed","sticky":false,"template":"","format":"standard","meta":{"om_disable_all_campaigns":false,"_jetpack_memberships_contains_paid_content":false,"footnotes":""},"categories":[50,2,103],"tags":[],"class_list":["post-17258","post","type-post","status-publish","format-standard","has-post-thumbnail","hentry","category-destacadas","category-locales","category-policiales-locales"],"aioseo_notices":[],"gutentor_comment":0,"jetpack_featured_media_url":"https:\/\/eldiariodesanpedro.com.ar\/sitio\/wp-content\/uploads\/2017\/04\/El-arma-y-el-malviviente-detenido.jpg","jetpack_shortlink":"https:\/\/wp.me\/p6RhLt-4um","jetpack_sharing_enabled":true,"_links":{"self":[{"href":"https:\/\/eldiariodesanpedro.com.ar\/sitio\/wp-json\/wp\/v2\/posts\/17258","targetHints":{"allow":["GET"]}}],"collection":[{"href":"https:\/\/eldiariodesanpedro.com.ar\/sitio\/wp-json\/wp\/v2\/posts"}],"about":[{"href":"https:\/\/eldiariodesanpedro.com.ar\/sitio\/wp-json\/wp\/v2\/types\/post"}],"author":[{"embeddable":true,"href":"https:\/\/eldiariodesanpedro.com.ar\/sitio\/wp-json\/wp\/v2\/users\/4"}],"replies":[{"embeddable":true,"href":"https:\/\/eldiariodesanpedro.com.ar\/sitio\/wp-json\/wp\/v2\/comments?post=17258"}],"version-history":[{"count":1,"href":"https:\/\/eldiariodesanpedro.com.ar\/sitio\/wp-json\/wp\/v2\/posts\/17258\/revisions"}],"predecessor-version":[{"id":17262,"href":"https:\/\/eldiariodesanpedro.com.ar\/sitio\/wp-json\/wp\/v2\/posts\/17258\/revisions\/17262"}],"wp:featuredmedia":[{"embeddable":true,"href":"https:\/\/eldiariodesanpedro.com.ar\/sitio\/wp-json\/wp\/v2\/media\/17260"}],"wp:attachment":[{"href":"https:\/\/eldiariodesanpedro.com.ar\/sitio\/wp-json\/wp\/v2\/media?parent=17258"}],"wp:term":[{"taxonomy":"category","embeddable":true,"href":"https:\/\/eldiariodesanpedro.com.ar\/sitio\/wp-json\/wp\/v2\/categories?post=17258"},{"taxonomy":"post_tag","embeddable":true,"href":"https:\/\/eldiariodesanpedro.com.ar\/sitio\/wp-json\/wp\/v2\/tags?post=17258"}],"curies":[{"name":"wp","href":"https:\/\/api.w.org\/{rel}","templated":true}]}}