{"id":17255,"date":"2017-04-11T18:21:56","date_gmt":"2017-04-11T21:21:56","guid":{"rendered":"https:\/\/eldiariodesanpedro.com.ar\/sitio\/?p=17255"},"modified":"2017-04-11T18:21:56","modified_gmt":"2017-04-11T21:21:56","slug":"la-policia-secuestro-tres-motos-robadas","status":"publish","type":"post","link":"https:\/\/eldiariodesanpedro.com.ar\/sitio\/la-policia-secuestro-tres-motos-robadas\/","title":{"rendered":"La polic\u00eda secuestr\u00f3 tres motos robadas"},"content":{"rendered":"<p><!-- VideographyWP Plugin Message: Automatic video embedding prevented by plugin options. --><br \/>\nLa primera de ellas, fue incautada tras haber sido interceptada, en Mitre y Petrona Simonino. Se trata de una Gilera 110 CC. La misma pose\u00eda un pedido de secuestro activo requerido por la UFI N\u00ba 5.<\/p>\n<p>La misma era conducida por un joven de 27 a\u00f1os el que qued\u00f3 ligado a la causa caratulada como \u201cEncubrimiento\u201d.<\/p>\n<p>La otra, una Zanella 110 CC, qse dirig\u00eda por calle Miguel Porta al 1700 cuando efectivos policiales obstaculizaron su marcha. Tambi\u00e9n pose\u00eda un requerimiento, en este caso por la UFI N\u00ba 7 por \u201cHurto\u201d. El rodado era conducido por un sujeto de 29 a\u00f1os que al igual que otro motociclista qued\u00f3 imputado por la misma figura legal.<\/p>\n<p>Por \u00faltimo fue recuperada el lunes en Lucio Mansilla y Molina, una Guerrero GT 70, color gris sin dominio, que era guiada por un mujer de 22 a\u00f1os. La misma hab\u00eda sido robada en San Nicol\u00e1s en el a\u00f1o 2014. <\/p>\n","protected":false},"excerpt":{"rendered":"<p>La primera de ellas, fue incautada tras haber sido interceptada, en Mitre y Petrona Simonino. Se trata de una Gilera 110 CC. La misma pose\u00eda un pedido de secuestro activo requerido por la UFI N\u00ba 5. La misma era conducida por un joven de 27 a\u00f1os el que qued\u00f3 ligado a la causa caratulada como [&hellip;]<\/p>\n","protected":false},"author":4,"featured_media":17257,"comment_status":"open","ping_status":"closed","sticky":false,"template":"","format":"standard","meta":{"om_disable_all_campaigns":false,"_jetpack_memberships_contains_paid_content":false,"footnotes":""},"categories":[2,103],"tags":[],"class_list":["post-17255","post","type-post","status-publish","format-standard","has-post-thumbnail","hentry","category-locales","category-policiales-locales"],"aioseo_notices":[],"gutentor_comment":0,"jetpack_featured_media_url":"https:\/\/eldiariodesanpedro.com.ar\/sitio\/wp-content\/uploads\/2017\/04\/moto-robada.jpg","jetpack_shortlink":"https:\/\/wp.me\/p6RhLt-4uj","jetpack_sharing_enabled":true,"_links":{"self":[{"href":"https:\/\/eldiariodesanpedro.com.ar\/sitio\/wp-json\/wp\/v2\/posts\/17255","targetHints":{"allow":["GET"]}}],"collection":[{"href":"https:\/\/eldiariodesanpedro.com.ar\/sitio\/wp-json\/wp\/v2\/posts"}],"about":[{"href":"https:\/\/eldiariodesanpedro.com.ar\/sitio\/wp-json\/wp\/v2\/types\/post"}],"author":[{"embeddable":true,"href":"https:\/\/eldiariodesanpedro.com.ar\/sitio\/wp-json\/wp\/v2\/users\/4"}],"replies":[{"embeddable":true,"href":"https:\/\/eldiariodesanpedro.com.ar\/sitio\/wp-json\/wp\/v2\/comments?post=17255"}],"version-history":[{"count":1,"href":"https:\/\/eldiariodesanpedro.com.ar\/sitio\/wp-json\/wp\/v2\/posts\/17255\/revisions"}],"predecessor-version":[{"id":17259,"href":"https:\/\/eldiariodesanpedro.com.ar\/sitio\/wp-json\/wp\/v2\/posts\/17255\/revisions\/17259"}],"wp:featuredmedia":[{"embeddable":true,"href":"https:\/\/eldiariodesanpedro.com.ar\/sitio\/wp-json\/wp\/v2\/media\/17257"}],"wp:attachment":[{"href":"https:\/\/eldiariodesanpedro.com.ar\/sitio\/wp-json\/wp\/v2\/media?parent=17255"}],"wp:term":[{"taxonomy":"category","embeddable":true,"href":"https:\/\/eldiariodesanpedro.com.ar\/sitio\/wp-json\/wp\/v2\/categories?post=17255"},{"taxonomy":"post_tag","embeddable":true,"href":"https:\/\/eldiariodesanpedro.com.ar\/sitio\/wp-json\/wp\/v2\/tags?post=17255"}],"curies":[{"name":"wp","href":"https:\/\/api.w.org\/{rel}","templated":true}]}}