{"id":17253,"date":"2017-04-11T18:19:31","date_gmt":"2017-04-11T21:19:31","guid":{"rendered":"https:\/\/eldiariodesanpedro.com.ar\/sitio\/?p=17253"},"modified":"2017-04-11T18:19:31","modified_gmt":"2017-04-11T21:19:31","slug":"dos-nuevas-ambulancias-se-incorporan-al-hospital","status":"publish","type":"post","link":"https:\/\/eldiariodesanpedro.com.ar\/sitio\/dos-nuevas-ambulancias-se-incorporan-al-hospital\/","title":{"rendered":"Dos nuevas ambulancias se incorporan al Hospital"},"content":{"rendered":"<p><!-- VideographyWP Plugin Message: Automatic video embedding prevented by plugin options. --><br \/>\nEl objetivo es reemplazar algunas de las unidades que ya tienen varios a\u00f1os y que ya no est\u00e1n en las mejores condiciones producto del uso.<\/p>\n<p>Se trata de dos Mercedes Sprinter 0 Km. que fueron adquiridas con el Fondo Federal Solidario y el costo de ambas es de 1.700.00 pesos. En los pr\u00f3ximos d\u00edas ser\u00e1 entregadas por la concesionaria donde fueron compradas.<\/p>\n<p>Las dos ambulancias son de baja complejidad pero se estima que se equipar\u00e1n con los elementos de las otras dos con las que ya cuenta.<\/p>\n<p>En ese sentido el Dr. Edgar Britos, Secretario de Salud, coment\u00f3: \u201cSe vio la necesidad de contar con nuevas unidades porque la demanda ha sido muy elevada y estamos con permanentes traslados. Eso hace que tengamos que disponer de unidades complementarias y el se\u00f1or Intendente ha decidido la afectaci\u00f3n de los recursos necesarios para la adquisici\u00f3n de dos unidades nuevas, se hizo el proceso licitatorio y de esa licitaci\u00f3n surgi\u00f3 que la empresa Lonco Hue SA que vende Mercedes Benz fue la mejor oferta econ\u00f3mica\u201d. Al tiempo que coment\u00f3: \u201cVan a estar entreg\u00e1ndose en 15 d\u00edas\u201d.<\/p>\n<p>\u201cEl costo es ya con la ambulancia equipada, eso incluye el rodado y el equipamiento m\u00e9dico\u201d asever\u00f3 el funcionario y agreg\u00f3: \u201cLa idea es parar las viejas para poder hacerle las reparaciones de rigor, de contar con varios d\u00edas para hacerle las reparaciones como se deben. La idea es sumar unidades y no reemplazarlas\u201d.<\/p>\n<p>En tanto que por otro lado el PAMI entregar\u00e1 al nosocomio local una unidad de traslado para sus afiliados en la ciudad hacia centros de salud dela zona e inclusive de Capital Federal.<\/p>\n<p>Sumada a la entregada en noviembre pasado por el Gobierno de la Provincia de Buenos Aires, ser\u00e1n cuatro los nuevos veh\u00edculos destinados al Hospital.<\/p>\n","protected":false},"excerpt":{"rendered":"<p>El objetivo es reemplazar algunas de las unidades que ya tienen varios a\u00f1os y que ya no est\u00e1n en las mejores condiciones producto del uso. Se trata de dos Mercedes Sprinter 0 Km. que fueron adquiridas con el Fondo Federal Solidario y el costo de ambas es de 1.700.00 pesos. En los pr\u00f3ximos d\u00edas ser\u00e1 [&hellip;]<\/p>\n","protected":false},"author":4,"featured_media":17254,"comment_status":"open","ping_status":"closed","sticky":false,"template":"","format":"standard","meta":{"om_disable_all_campaigns":false,"_jetpack_memberships_contains_paid_content":false,"footnotes":""},"categories":[101,2],"tags":[],"class_list":["post-17253","post","type-post","status-publish","format-standard","has-post-thumbnail","hentry","category-interes-general-locales","category-locales"],"aioseo_notices":[],"gutentor_comment":0,"jetpack_featured_media_url":"https:\/\/eldiariodesanpedro.com.ar\/sitio\/wp-content\/uploads\/2017\/04\/ambulancia-2.jpg","jetpack_shortlink":"https:\/\/wp.me\/p6RhLt-4uh","jetpack_sharing_enabled":true,"_links":{"self":[{"href":"https:\/\/eldiariodesanpedro.com.ar\/sitio\/wp-json\/wp\/v2\/posts\/17253","targetHints":{"allow":["GET"]}}],"collection":[{"href":"https:\/\/eldiariodesanpedro.com.ar\/sitio\/wp-json\/wp\/v2\/posts"}],"about":[{"href":"https:\/\/eldiariodesanpedro.com.ar\/sitio\/wp-json\/wp\/v2\/types\/post"}],"author":[{"embeddable":true,"href":"https:\/\/eldiariodesanpedro.com.ar\/sitio\/wp-json\/wp\/v2\/users\/4"}],"replies":[{"embeddable":true,"href":"https:\/\/eldiariodesanpedro.com.ar\/sitio\/wp-json\/wp\/v2\/comments?post=17253"}],"version-history":[{"count":1,"href":"https:\/\/eldiariodesanpedro.com.ar\/sitio\/wp-json\/wp\/v2\/posts\/17253\/revisions"}],"predecessor-version":[{"id":17256,"href":"https:\/\/eldiariodesanpedro.com.ar\/sitio\/wp-json\/wp\/v2\/posts\/17253\/revisions\/17256"}],"wp:featuredmedia":[{"embeddable":true,"href":"https:\/\/eldiariodesanpedro.com.ar\/sitio\/wp-json\/wp\/v2\/media\/17254"}],"wp:attachment":[{"href":"https:\/\/eldiariodesanpedro.com.ar\/sitio\/wp-json\/wp\/v2\/media?parent=17253"}],"wp:term":[{"taxonomy":"category","embeddable":true,"href":"https:\/\/eldiariodesanpedro.com.ar\/sitio\/wp-json\/wp\/v2\/categories?post=17253"},{"taxonomy":"post_tag","embeddable":true,"href":"https:\/\/eldiariodesanpedro.com.ar\/sitio\/wp-json\/wp\/v2\/tags?post=17253"}],"curies":[{"name":"wp","href":"https:\/\/api.w.org\/{rel}","templated":true}]}}