{"id":17250,"date":"2017-04-11T10:58:04","date_gmt":"2017-04-11T13:58:04","guid":{"rendered":"https:\/\/eldiariodesanpedro.com.ar\/sitio\/?p=17250"},"modified":"2017-04-11T10:58:04","modified_gmt":"2017-04-11T13:58:04","slug":"recuperan-una-motocicleta-robada-en-el-2014","status":"publish","type":"post","link":"https:\/\/eldiariodesanpedro.com.ar\/sitio\/recuperan-una-motocicleta-robada-en-el-2014\/","title":{"rendered":"Recuperan una motocicleta robada en el 2014"},"content":{"rendered":"<p><!-- VideographyWP Plugin Message: Automatic video embedding prevented by plugin options. --><br \/>\nPersonal de la polic\u00eda de la comisaria local secuestro una motocicleta Guerrero GT 70 color gris sin dominio en la esquina de Lucio Mansilla y Molina, la cual seria conducida por una joven de 22 a\u00f1os de edad.<\/p>\n<p>Una vez cursados los datos del veh\u00edculo al radio estaci\u00f3n de San Nicol\u00e1s se pudo comprobar que la misma tendr\u00eda pedido de secuestro activo desde el a\u00f1o 2014 por un hecho de hurto. <\/p>\n<p>Se procedi\u00f3 al traslado de la joven y el veh\u00edculo hacia la dependencia. Interviene UFI N\u00ba 5  <\/p>\n","protected":false},"excerpt":{"rendered":"<p>Personal de la polic\u00eda de la comisaria local secuestro una motocicleta Guerrero GT 70 color gris sin dominio en la esquina de Lucio Mansilla y Molina, la cual seria conducida por una joven de 22 a\u00f1os de edad. Una vez cursados los datos del veh\u00edculo al radio estaci\u00f3n de San Nicol\u00e1s se pudo comprobar que [&hellip;]<\/p>\n","protected":false},"author":4,"featured_media":17251,"comment_status":"open","ping_status":"closed","sticky":false,"template":"","format":"standard","meta":{"om_disable_all_campaigns":false,"_jetpack_memberships_contains_paid_content":false,"footnotes":""},"categories":[2,103],"tags":[],"class_list":["post-17250","post","type-post","status-publish","format-standard","has-post-thumbnail","hentry","category-locales","category-policiales-locales"],"aioseo_notices":[],"gutentor_comment":0,"jetpack_featured_media_url":"https:\/\/eldiariodesanpedro.com.ar\/sitio\/wp-content\/uploads\/2017\/04\/moto-.jpg","jetpack_shortlink":"https:\/\/wp.me\/p6RhLt-4ue","jetpack_sharing_enabled":true,"_links":{"self":[{"href":"https:\/\/eldiariodesanpedro.com.ar\/sitio\/wp-json\/wp\/v2\/posts\/17250","targetHints":{"allow":["GET"]}}],"collection":[{"href":"https:\/\/eldiariodesanpedro.com.ar\/sitio\/wp-json\/wp\/v2\/posts"}],"about":[{"href":"https:\/\/eldiariodesanpedro.com.ar\/sitio\/wp-json\/wp\/v2\/types\/post"}],"author":[{"embeddable":true,"href":"https:\/\/eldiariodesanpedro.com.ar\/sitio\/wp-json\/wp\/v2\/users\/4"}],"replies":[{"embeddable":true,"href":"https:\/\/eldiariodesanpedro.com.ar\/sitio\/wp-json\/wp\/v2\/comments?post=17250"}],"version-history":[{"count":1,"href":"https:\/\/eldiariodesanpedro.com.ar\/sitio\/wp-json\/wp\/v2\/posts\/17250\/revisions"}],"predecessor-version":[{"id":17252,"href":"https:\/\/eldiariodesanpedro.com.ar\/sitio\/wp-json\/wp\/v2\/posts\/17250\/revisions\/17252"}],"wp:featuredmedia":[{"embeddable":true,"href":"https:\/\/eldiariodesanpedro.com.ar\/sitio\/wp-json\/wp\/v2\/media\/17251"}],"wp:attachment":[{"href":"https:\/\/eldiariodesanpedro.com.ar\/sitio\/wp-json\/wp\/v2\/media?parent=17250"}],"wp:term":[{"taxonomy":"category","embeddable":true,"href":"https:\/\/eldiariodesanpedro.com.ar\/sitio\/wp-json\/wp\/v2\/categories?post=17250"},{"taxonomy":"post_tag","embeddable":true,"href":"https:\/\/eldiariodesanpedro.com.ar\/sitio\/wp-json\/wp\/v2\/tags?post=17250"}],"curies":[{"name":"wp","href":"https:\/\/api.w.org\/{rel}","templated":true}]}}