{"id":17244,"date":"2017-04-10T21:13:07","date_gmt":"2017-04-11T00:13:07","guid":{"rendered":"https:\/\/eldiariodesanpedro.com.ar\/sitio\/?p=17244"},"modified":"2026-01-24T00:26:44","modified_gmt":"2026-01-24T03:26:44","slug":"liga-inclusiva-la-temporada-2017-ya-esta-en-marcha","status":"publish","type":"post","link":"https:\/\/eldiariodesanpedro.com.ar\/sitio\/liga-inclusiva-la-temporada-2017-ya-esta-en-marcha\/","title":{"rendered":"LIGA INCLUSIVA: La temporada 2017 ya est\u00e1 en marcha"},"content":{"rendered":"<p><!-- VideographyWP Plugin Message: Automatic video embedding prevented by plugin options. --><br \/>\n  La Secretaria de Desarrollo Humano Karina Chiarella acompa\u00f1ada por el Jefe del \u00e1rea de Discapacidad Juan Carlos Mari\u00f1o y el Profesor Sebasti\u00e1n Cao participaron de la apertura del Campeonato de la Liga Inclusiva de F\u00fatbol.<\/p>\n<p>  La presentaci\u00f3n estuvo encabezada por el Director Nacional de Discapacidad Ra\u00fal Lucero y la presidenta de la CONADIS Sara Valssina.<\/p>\n<p>  Nuestra ciudad estar\u00e1 representada por 25 j\u00f3venes que se enfrentar\u00e1n con equipos de Mar del Plata, Dolores, Quilmes, Esteban Echeverr\u00eda, entre otros.<\/p>\n","protected":false},"excerpt":{"rendered":"<p>La Secretaria de Desarrollo Humano Karina Chiarella acompa\u00f1ada por el Jefe del \u00e1rea de Discapacidad Juan Carlos Mari\u00f1o y el Profesor Sebasti\u00e1n Cao participaron de la apertura del Campeonato de la Liga Inclusiva de F\u00fatbol. La presentaci\u00f3n estuvo encabezada por el Director Nacional de Discapacidad Ra\u00fal Lucero y la presidenta de la CONADIS Sara Valssina. [&hellip;]<\/p>\n","protected":false},"author":4,"featured_media":17245,"comment_status":"open","ping_status":"closed","sticky":false,"template":"","format":"standard","meta":{"om_disable_all_campaigns":false,"_jetpack_memberships_contains_paid_content":false,"footnotes":""},"categories":[5],"tags":[],"class_list":["post-17244","post","type-post","status-publish","format-standard","has-post-thumbnail","hentry","category-deportes"],"aioseo_notices":[],"gutentor_comment":0,"jetpack_featured_media_url":"https:\/\/eldiariodesanpedro.com.ar\/sitio\/wp-content\/uploads\/2017\/04\/La-representaci\u00f3n-local-en-el-lanzamiento-oficial.jpg","jetpack_shortlink":"https:\/\/wp.me\/p6RhLt-4u8","jetpack_sharing_enabled":true,"_links":{"self":[{"href":"https:\/\/eldiariodesanpedro.com.ar\/sitio\/wp-json\/wp\/v2\/posts\/17244","targetHints":{"allow":["GET"]}}],"collection":[{"href":"https:\/\/eldiariodesanpedro.com.ar\/sitio\/wp-json\/wp\/v2\/posts"}],"about":[{"href":"https:\/\/eldiariodesanpedro.com.ar\/sitio\/wp-json\/wp\/v2\/types\/post"}],"author":[{"embeddable":true,"href":"https:\/\/eldiariodesanpedro.com.ar\/sitio\/wp-json\/wp\/v2\/users\/4"}],"replies":[{"embeddable":true,"href":"https:\/\/eldiariodesanpedro.com.ar\/sitio\/wp-json\/wp\/v2\/comments?post=17244"}],"version-history":[{"count":1,"href":"https:\/\/eldiariodesanpedro.com.ar\/sitio\/wp-json\/wp\/v2\/posts\/17244\/revisions"}],"predecessor-version":[{"id":17247,"href":"https:\/\/eldiariodesanpedro.com.ar\/sitio\/wp-json\/wp\/v2\/posts\/17244\/revisions\/17247"}],"wp:featuredmedia":[{"embeddable":true,"href":"https:\/\/eldiariodesanpedro.com.ar\/sitio\/wp-json\/wp\/v2\/media\/17245"}],"wp:attachment":[{"href":"https:\/\/eldiariodesanpedro.com.ar\/sitio\/wp-json\/wp\/v2\/media?parent=17244"}],"wp:term":[{"taxonomy":"category","embeddable":true,"href":"https:\/\/eldiariodesanpedro.com.ar\/sitio\/wp-json\/wp\/v2\/categories?post=17244"},{"taxonomy":"post_tag","embeddable":true,"href":"https:\/\/eldiariodesanpedro.com.ar\/sitio\/wp-json\/wp\/v2\/tags?post=17244"}],"curies":[{"name":"wp","href":"https:\/\/api.w.org\/{rel}","templated":true}]}}