{"id":17235,"date":"2017-04-10T20:20:34","date_gmt":"2017-04-10T23:20:34","guid":{"rendered":"https:\/\/eldiariodesanpedro.com.ar\/sitio\/?p=17235"},"modified":"2017-04-10T20:20:34","modified_gmt":"2017-04-10T23:20:34","slug":"zarate-desbaratan-la-banda-de-los-reyes-del-asfalto-allanamientos-del-comando-de-patrulla-rural-en-lima","status":"publish","type":"post","link":"https:\/\/eldiariodesanpedro.com.ar\/sitio\/zarate-desbaratan-la-banda-de-los-reyes-del-asfalto-allanamientos-del-comando-de-patrulla-rural-en-lima\/","title":{"rendered":"Z\u00c1RATE Desbaratan la banda de \u201clos reyes del asfalto\u201d: allanamientos del Comando de Patrulla Rural en Lima"},"content":{"rendered":"<p><!-- VideographyWP Plugin Message: Automatic video embedding prevented by plugin options. --><br \/>\nSe trata de una peligrosa organizaci\u00f3n criminal que se dedicaba a robar camiones que transportaban millonarios cargamentos de art\u00edculos de electr\u00f3nica e indumentaria. La banda tambi\u00e9n est\u00e1 acusada de haber matado a un testigo de la causa Nisman.<\/p>\n<p>  El Comando de Patrulla Rural Z\u00e1rate a cargo del Subcomisario Daniel Aste fue parte de los distintos procedimientos que se realizaron en localidades bonaerenses, y en horas de la tarde de este viernes allanaron un establecimiento rural en Lima.<\/p>\n<p>  En horas de la tarde de este viernes y por orden de la Direcci\u00f3n de Investigaciones Mercedes, personal del Comando de Patrulla Rural Z\u00e1rate allan\u00f3 un establecimiento rural sito en las proximidades del Club de Pesca de Lima con acceso directo desde Ruta Panamericana.<\/p>\n<p>  El objetivo estaba vinculado a la banda de piratas del asfalto, autodenominada \u201clos reyes del asfalto\u201d, cuyo desbaratamiento fue noticia nacional.<\/p>\n<p>  En este lugar, presuntamente utilizado como uno de los dep\u00f3sitos de las mercader\u00edas sustra\u00eddas, se encontraron capuchas, vestimentas de personal de seguridad y varias armas de fuego, adem\u00e1s de inhibidores de se\u00f1ales satelitales y varios elementos denunciados como robados.<\/p>\n<p>  En el predio, se\u00f1alaron fuentes policiales, tambi\u00e9n hab\u00eda equinos sin marcas, en total estado de desnutrici\u00f3n.<\/p>\n<p>  Dos personas fueron aprehendidas y quedaron a disposici\u00f3n de la Justicia, que investiga su vinculaci\u00f3n con la organizaci\u00f3n delictiva que hasta el momento tiene 14 detenidos. (Enlace Cr\u00edtico)<\/p>\n","protected":false},"excerpt":{"rendered":"<p>Se trata de una peligrosa organizaci\u00f3n criminal que se dedicaba a robar camiones que transportaban millonarios cargamentos de art\u00edculos de electr\u00f3nica e indumentaria. La banda tambi\u00e9n est\u00e1 acusada de haber matado a un testigo de la causa Nisman. El Comando de Patrulla Rural Z\u00e1rate a cargo del Subcomisario Daniel Aste fue parte de los distintos [&hellip;]<\/p>\n","protected":false},"author":4,"featured_media":17238,"comment_status":"open","ping_status":"closed","sticky":false,"template":"","format":"standard","meta":{"om_disable_all_campaigns":false,"_jetpack_memberships_contains_paid_content":false,"footnotes":""},"categories":[621],"tags":[],"class_list":["post-17235","post","type-post","status-publish","format-standard","has-post-thumbnail","hentry","category-regionales"],"aioseo_notices":[],"gutentor_comment":0,"jetpack_featured_media_url":"https:\/\/eldiariodesanpedro.com.ar\/sitio\/wp-content\/uploads\/2017\/04\/arma-secuestrada-durante-allanamiento.jpg","jetpack_shortlink":"https:\/\/wp.me\/p6RhLt-4tZ","jetpack_sharing_enabled":true,"_links":{"self":[{"href":"https:\/\/eldiariodesanpedro.com.ar\/sitio\/wp-json\/wp\/v2\/posts\/17235","targetHints":{"allow":["GET"]}}],"collection":[{"href":"https:\/\/eldiariodesanpedro.com.ar\/sitio\/wp-json\/wp\/v2\/posts"}],"about":[{"href":"https:\/\/eldiariodesanpedro.com.ar\/sitio\/wp-json\/wp\/v2\/types\/post"}],"author":[{"embeddable":true,"href":"https:\/\/eldiariodesanpedro.com.ar\/sitio\/wp-json\/wp\/v2\/users\/4"}],"replies":[{"embeddable":true,"href":"https:\/\/eldiariodesanpedro.com.ar\/sitio\/wp-json\/wp\/v2\/comments?post=17235"}],"version-history":[{"count":1,"href":"https:\/\/eldiariodesanpedro.com.ar\/sitio\/wp-json\/wp\/v2\/posts\/17235\/revisions"}],"predecessor-version":[{"id":17239,"href":"https:\/\/eldiariodesanpedro.com.ar\/sitio\/wp-json\/wp\/v2\/posts\/17235\/revisions\/17239"}],"wp:featuredmedia":[{"embeddable":true,"href":"https:\/\/eldiariodesanpedro.com.ar\/sitio\/wp-json\/wp\/v2\/media\/17238"}],"wp:attachment":[{"href":"https:\/\/eldiariodesanpedro.com.ar\/sitio\/wp-json\/wp\/v2\/media?parent=17235"}],"wp:term":[{"taxonomy":"category","embeddable":true,"href":"https:\/\/eldiariodesanpedro.com.ar\/sitio\/wp-json\/wp\/v2\/categories?post=17235"},{"taxonomy":"post_tag","embeddable":true,"href":"https:\/\/eldiariodesanpedro.com.ar\/sitio\/wp-json\/wp\/v2\/tags?post=17235"}],"curies":[{"name":"wp","href":"https:\/\/api.w.org\/{rel}","templated":true}]}}