{"id":17228,"date":"2017-04-10T20:14:26","date_gmt":"2017-04-10T23:14:26","guid":{"rendered":"https:\/\/eldiariodesanpedro.com.ar\/sitio\/?p=17228"},"modified":"2017-04-10T20:14:26","modified_gmt":"2017-04-10T23:14:26","slug":"tres-familias-evacuadas-por-la-creciente-del-rio-arrecifes","status":"publish","type":"post","link":"https:\/\/eldiariodesanpedro.com.ar\/sitio\/tres-familias-evacuadas-por-la-creciente-del-rio-arrecifes\/","title":{"rendered":"Tres familias evacuadas por la creciente del R\u00edo Arrecifes"},"content":{"rendered":"<p><!-- VideographyWP Plugin Message: Automatic video embedding prevented by plugin options. --><br \/>\n  El Dr. Jorge Pomatti, titular de la OMIC y a cargo del operativo de evacuados por parte de la Municipalidad inform\u00f3 que en la ma\u00f1ana de hoy fueron evacuadas tres familias de la zona inundable de Avenida Lavalle. Desde la madrugada el r\u00edo Arrecifes mostr\u00f3 una nueva crecida y el agua amenazaba con llegar a ese sector de la ciudad.<\/p>\n<p>  Las \u00faltimas familias evacuadas fueron alojadas en el Gimnasio de la Escuela N\u00ba5 en barrio Palermo y se suman a las cinco familias evacuadas con anterioridad (el s\u00e1bado) y que permanecen alojadas en el Gimnasio de la Escuela Nacional.<\/p>\n<p>  Los Bomberos Voluntarios de Arrecifes, muy capacitados y previsores en esta tarea, se adelantaron al desborde del r\u00edo y evitaron que el agua alcance a la gente en sus viviendas. La Municipalidad colabor\u00f3 con ellos y a trav\u00e9s de Acci\u00f3n Social est\u00e1n alimentando y asistiendo a los evacuados.<\/p>\n<p>  Pomatti fue optimista respecto de la vuelta a la normalidad del r\u00edo Arrecifes ya que \u201cel r\u00edo Paran\u00e1 est\u00e1 bajo. Eso es bueno porque permitir\u00e1 un escurrimiento m\u00e1s r\u00e1pido de las aguas que desembocan all\u00ed\u201d.<\/p>\n<p>  \u201cDe todos modos, cayeron 160 mil\u00edmetros de lluvia en dos d\u00edas, esto es algo contra lo que nada se puede hacer m\u00e1s que adelantarse en la prevenci\u00f3n, tratando de evitar urgencias\u201d, agreg\u00f3 el titular de la OMIC. (http:\/\/arrecifesnoticias.com)<\/p>\n","protected":false},"excerpt":{"rendered":"<p>El Dr. Jorge Pomatti, titular de la OMIC y a cargo del operativo de evacuados por parte de la Municipalidad inform\u00f3 que en la ma\u00f1ana de hoy fueron evacuadas tres familias de la zona inundable de Avenida Lavalle. Desde la madrugada el r\u00edo Arrecifes mostr\u00f3 una nueva crecida y el agua amenazaba con llegar a [&hellip;]<\/p>\n","protected":false},"author":4,"featured_media":17231,"comment_status":"open","ping_status":"closed","sticky":false,"template":"","format":"standard","meta":{"om_disable_all_campaigns":false,"_jetpack_memberships_contains_paid_content":false,"footnotes":""},"categories":[621],"tags":[],"class_list":["post-17228","post","type-post","status-publish","format-standard","has-post-thumbnail","hentry","category-regionales"],"aioseo_notices":[],"gutentor_comment":0,"jetpack_featured_media_url":"https:\/\/eldiariodesanpedro.com.ar\/sitio\/wp-content\/uploads\/2017\/04\/creciente-del-R\u00edo-Arrecifes.jpg","jetpack_shortlink":"https:\/\/wp.me\/p6RhLt-4tS","jetpack_sharing_enabled":true,"_links":{"self":[{"href":"https:\/\/eldiariodesanpedro.com.ar\/sitio\/wp-json\/wp\/v2\/posts\/17228","targetHints":{"allow":["GET"]}}],"collection":[{"href":"https:\/\/eldiariodesanpedro.com.ar\/sitio\/wp-json\/wp\/v2\/posts"}],"about":[{"href":"https:\/\/eldiariodesanpedro.com.ar\/sitio\/wp-json\/wp\/v2\/types\/post"}],"author":[{"embeddable":true,"href":"https:\/\/eldiariodesanpedro.com.ar\/sitio\/wp-json\/wp\/v2\/users\/4"}],"replies":[{"embeddable":true,"href":"https:\/\/eldiariodesanpedro.com.ar\/sitio\/wp-json\/wp\/v2\/comments?post=17228"}],"version-history":[{"count":1,"href":"https:\/\/eldiariodesanpedro.com.ar\/sitio\/wp-json\/wp\/v2\/posts\/17228\/revisions"}],"predecessor-version":[{"id":17233,"href":"https:\/\/eldiariodesanpedro.com.ar\/sitio\/wp-json\/wp\/v2\/posts\/17228\/revisions\/17233"}],"wp:featuredmedia":[{"embeddable":true,"href":"https:\/\/eldiariodesanpedro.com.ar\/sitio\/wp-json\/wp\/v2\/media\/17231"}],"wp:attachment":[{"href":"https:\/\/eldiariodesanpedro.com.ar\/sitio\/wp-json\/wp\/v2\/media?parent=17228"}],"wp:term":[{"taxonomy":"category","embeddable":true,"href":"https:\/\/eldiariodesanpedro.com.ar\/sitio\/wp-json\/wp\/v2\/categories?post=17228"},{"taxonomy":"post_tag","embeddable":true,"href":"https:\/\/eldiariodesanpedro.com.ar\/sitio\/wp-json\/wp\/v2\/tags?post=17228"}],"curies":[{"name":"wp","href":"https:\/\/api.w.org\/{rel}","templated":true}]}}