{"id":17224,"date":"2017-04-10T19:32:55","date_gmt":"2017-04-10T22:32:55","guid":{"rendered":"https:\/\/eldiariodesanpedro.com.ar\/sitio\/?p=17224"},"modified":"2017-04-10T19:32:55","modified_gmt":"2017-04-10T22:32:55","slug":"docente-denuncio-que-le-descontaron-aunque-no-hizo-paro-dono-mi-premio-1000","status":"publish","type":"post","link":"https:\/\/eldiariodesanpedro.com.ar\/sitio\/docente-denuncio-que-le-descontaron-aunque-no-hizo-paro-dono-mi-premio-1000\/","title":{"rendered":"DOCENTE DENUNCI\u00d3 QUE LE DESCONTARON, AUNQUE NO HIZO PARO: \u201cDono mi premio $1000\u201d"},"content":{"rendered":"<p><!-- VideographyWP Plugin Message: Automatic video embedding prevented by plugin options. --><br \/>\n  Stella Maris Pollicelli, docente que trabaj\u00f3 los d\u00edas de paro y a la que el Gobierno Provincial le descont\u00f3 los d\u00edas de todos modos, a trav\u00e9s de una misiva dio a conocer lo ocurrido: \u201cSoy docente y no hice paro. Y no por el premio. Apoyo esta Gesti\u00f3n de gobierno y adem\u00e1s no me adhiero a un paro movilizado por gente que no me representa, no estoy afiliada a ning\u00fan Gremio. Aunque reconozco que el salario es bajo (tambi\u00e9n un jubilado con la m\u00ednima gana muy por debajo de la l\u00ednea de pobreza y no puede \u201chacer paro\u201d) creo que hay otras formas de reclamo sin perjudicar a los alumnos, causa principal de nuestra raz\u00f3n como docentes. Priorizo esto\u201d.<\/p>\n<p>  \u201cEn este per\u00edodo, entre otros temas, los 239 alumnos que tengo, aprendieron a redactar una noticia, una cr\u00f3nica, a hacer entrevistas, a debatir temas de actualidad, a comparar la evoluci\u00f3n de las sociedades, a acercarse a los conceptos de comunicaci\u00f3n y a los de Arte, historia y trascendencia de los mismos, a pensar y a reflexionar sobre la realidad que nos rodea, estudiaron su pueblo y donde est\u00e1n en la provincia, pa\u00eds y mundo. Partieron analizando sus derechos, obligaciones y Valores\u201d, dijo luego.<\/p>\n<p>  \u201cMa\u00f1ana voy a entrar al aula, menos optimista. Y no voy a poder hablar de respeto, ni de muchos otros valores con la convicci\u00f3n que lo vengo haciendo. Me descontaron los paros que yo NO HICE y ahora debo afrontar largos tr\u00e1mites para recuperarlos. Y dir\u00e9 que no fue un error, a todos los colegas que no hicieron paro les pas\u00f3 lo mismo\u201d, agreg\u00f3.<\/p>\n<p>  \u201cEstoy defraudada, me siento estafada. Dono mi premio, por favor p\u00e1guenme lo que me deben por lo que trabaj\u00e9. Por la educaci\u00f3n, por los valores que transmito a mis alumnos en el aula d\u00eda a d\u00eda, resp\u00e9tenme\u201d sentenci\u00f3 la docente.<\/p>\n","protected":false},"excerpt":{"rendered":"<p>Stella Maris Pollicelli, docente que trabaj\u00f3 los d\u00edas de paro y a la que el Gobierno Provincial le descont\u00f3 los d\u00edas de todos modos, a trav\u00e9s de una misiva dio a conocer lo ocurrido: \u201cSoy docente y no hice paro. Y no por el premio. Apoyo esta Gesti\u00f3n de gobierno y adem\u00e1s no me adhiero [&hellip;]<\/p>\n","protected":false},"author":4,"featured_media":17226,"comment_status":"open","ping_status":"closed","sticky":false,"template":"","format":"standard","meta":{"om_disable_all_campaigns":false,"_jetpack_memberships_contains_paid_content":false,"footnotes":""},"categories":[101,2],"tags":[],"class_list":["post-17224","post","type-post","status-publish","format-standard","has-post-thumbnail","hentry","category-interes-general-locales","category-locales"],"aioseo_notices":[],"gutentor_comment":0,"jetpack_featured_media_url":"https:\/\/eldiariodesanpedro.com.ar\/sitio\/wp-content\/uploads\/2017\/04\/aula-clase.jpg","jetpack_shortlink":"https:\/\/wp.me\/p6RhLt-4tO","jetpack_sharing_enabled":true,"_links":{"self":[{"href":"https:\/\/eldiariodesanpedro.com.ar\/sitio\/wp-json\/wp\/v2\/posts\/17224","targetHints":{"allow":["GET"]}}],"collection":[{"href":"https:\/\/eldiariodesanpedro.com.ar\/sitio\/wp-json\/wp\/v2\/posts"}],"about":[{"href":"https:\/\/eldiariodesanpedro.com.ar\/sitio\/wp-json\/wp\/v2\/types\/post"}],"author":[{"embeddable":true,"href":"https:\/\/eldiariodesanpedro.com.ar\/sitio\/wp-json\/wp\/v2\/users\/4"}],"replies":[{"embeddable":true,"href":"https:\/\/eldiariodesanpedro.com.ar\/sitio\/wp-json\/wp\/v2\/comments?post=17224"}],"version-history":[{"count":1,"href":"https:\/\/eldiariodesanpedro.com.ar\/sitio\/wp-json\/wp\/v2\/posts\/17224\/revisions"}],"predecessor-version":[{"id":17227,"href":"https:\/\/eldiariodesanpedro.com.ar\/sitio\/wp-json\/wp\/v2\/posts\/17224\/revisions\/17227"}],"wp:featuredmedia":[{"embeddable":true,"href":"https:\/\/eldiariodesanpedro.com.ar\/sitio\/wp-json\/wp\/v2\/media\/17226"}],"wp:attachment":[{"href":"https:\/\/eldiariodesanpedro.com.ar\/sitio\/wp-json\/wp\/v2\/media?parent=17224"}],"wp:term":[{"taxonomy":"category","embeddable":true,"href":"https:\/\/eldiariodesanpedro.com.ar\/sitio\/wp-json\/wp\/v2\/categories?post=17224"},{"taxonomy":"post_tag","embeddable":true,"href":"https:\/\/eldiariodesanpedro.com.ar\/sitio\/wp-json\/wp\/v2\/tags?post=17224"}],"curies":[{"name":"wp","href":"https:\/\/api.w.org\/{rel}","templated":true}]}}