{"id":17217,"date":"2017-04-10T19:28:17","date_gmt":"2017-04-10T22:28:17","guid":{"rendered":"https:\/\/eldiariodesanpedro.com.ar\/sitio\/?p=17217"},"modified":"2017-04-10T19:28:17","modified_gmt":"2017-04-10T22:28:17","slug":"presentaron-las-actividades-de-semana-santa","status":"publish","type":"post","link":"https:\/\/eldiariodesanpedro.com.ar\/sitio\/presentaron-las-actividades-de-semana-santa\/","title":{"rendered":"Presentaron las actividades de Semana Santa"},"content":{"rendered":"<p><!-- VideographyWP Plugin Message: Automatic video embedding prevented by plugin options. --><br \/>\nCon la presencia de la Directora de Cultura Mar\u00eda Jos\u00e9 Mora, la de Turismo Marcela Cu\u00f1er, el Director de teatro Daniel Corti y Alfredo \u201cToto\u201d Corval\u00e1n de Arte San Pedro se llev\u00f3 a cabo este lunes la conferencia de prensa donde se difundieron las actividades.<\/p>\n<p>  \u201cLas actividades se van a desarrollar del 13 al 16 de abril con la exposici\u00f3n de artesanos, va a haber un espect\u00e1culo de circo y tambi\u00e9n el t\u00edpico asado en cuanto a lo gastron\u00f3mico\u201d, explic\u00f3 Mora.<\/p>\n<p>  Y luego agreg\u00f3: \u201cSe va a llevar a cabo en la Plazoleta Fray Cayetano Rdr\u00edguez\u201d. \u201cHabr\u00e1 una carpa con exposici\u00f3n de artistas sampedrinas, tanto de pintores como escultores. Tambi\u00e9n habr\u00e1 un escenario montado en el lugar donde actuar\u00e1n diferentes conjuntos musicales\u201d.<\/p>\n<p>  \u201cEl viernes 14 a partir de las 22 hs. se va a llevar a cabo \u201cJes\u00fas de Nazaret\u201d el Musical, con 70 artistas\u201d, dijo m\u00e1s tarde.<\/p>\n<p>  Por su parte Cu\u00f1er, ante el inminente arribo de turistas, sostuvo: \u201cVamos a disponer de los informes tur\u00edsticos que tenemos siempre en la casona donde funciona la Direcci\u00f3n de Turismo, en Mitre y Liniers. Vamos a extender los horarios de atenci\u00f3n hasta las 22 hs. Lo mismo suceder\u00e1 en los Centros de Informes Tur\u00edsticos del centro y de Av. Espa\u00f1a 835. Tambi\u00e9n funcionar\u00e1 como es habitual el Centro de Informaci\u00f3n Tur\u00edstica de Mitre y 3 de febrero y colocaremos un gazebo en la intersecci\u00f3n de los dos ingresos a la ciudad, en Mitre y J. B. Justo\u201d.<\/p>\n<p>  Luego, Corti se refiri\u00f3 a la obra de teatro: \u201cEl musical en s\u00ed comienza con una peque\u00f1a rese\u00f1a de lo que fueron los principios de Jes\u00fas de Nazaret\u201d y contemplar\u00e1 \u201cdesde el Domingo de Ramos que fue ayer, hasta el momento de su resurrecci\u00f3n. Es decir, se cuenta la crucifixi\u00f3n y la resurrecci\u00f3n\u201d.<\/p>\n<p>  Se trata de un musical que muestra parte de la vida, la pasi\u00f3n, muerte y resurrecci\u00f3n de Jes\u00fas. Se desarrollar\u00e1 en el escenario natural de las Barrancas de nuestra ciudad y contar\u00e1 con la participaci\u00f3n de 60 personas.<\/p>\n<p>  En tanto que Corval\u00e1n, cont\u00f3 que la feria se instalar\u00e1 en la Plazoleta Fray Cayetano Rodr\u00edguez. \u201cHabr\u00e1 artesanos y artesanas de todo el pa\u00eds y de diferentes rubros\u201d.<\/p>\n<p><strong>Grilla musical<\/strong><br \/>\nJueves 13 de abril:  Funci\u00f3n de Circo<br \/>\nViernes 14 de abril: King 13ce (Blues) &#8211; Dynamo (Rock Ac\u00fastico) &#8211; Funci\u00f3n de Circo &#8211; La grifa (rock)<br \/>\nS\u00e1bado 15 de abril: Desmadre (rock) &#8211; Ala de Cuervo (rock) &#8211; Condici\u00f3n Zero (rock) &#8211; Capibara (rock) &#8211; Funci\u00f3n de Circo<br \/>\nDomingo 16 de abril:  Florcita de Cedr\u00f3n &#8211; Funci\u00f3n de Circo &#8211; Grupo Musical del Senado pertenecientes al \u00c1rea de Expresi\u00f3n Musical (AEM) que traer\u00e1n un repertorio con distintas propuestas musicales que van desde el tango, folclore, bolero al rock.<\/p>\n","protected":false},"excerpt":{"rendered":"<p>Con la presencia de la Directora de Cultura Mar\u00eda Jos\u00e9 Mora, la de Turismo Marcela Cu\u00f1er, el Director de teatro Daniel Corti y Alfredo \u201cToto\u201d Corval\u00e1n de Arte San Pedro se llev\u00f3 a cabo este lunes la conferencia de prensa donde se difundieron las actividades. \u201cLas actividades se van a desarrollar del 13 al 16 [&hellip;]<\/p>\n","protected":false},"author":4,"featured_media":17223,"comment_status":"open","ping_status":"closed","sticky":false,"template":"","format":"standard","meta":{"om_disable_all_campaigns":false,"_jetpack_memberships_contains_paid_content":false,"footnotes":""},"categories":[101,2],"tags":[],"class_list":["post-17217","post","type-post","status-publish","format-standard","has-post-thumbnail","hentry","category-interes-general-locales","category-locales"],"aioseo_notices":[],"gutentor_comment":0,"jetpack_featured_media_url":"https:\/\/eldiariodesanpedro.com.ar\/sitio\/wp-content\/uploads\/2017\/04\/Presentaron-las-actividades-de-Semana-Santa.jpg","jetpack_shortlink":"https:\/\/wp.me\/p6RhLt-4tH","jetpack_sharing_enabled":true,"_links":{"self":[{"href":"https:\/\/eldiariodesanpedro.com.ar\/sitio\/wp-json\/wp\/v2\/posts\/17217","targetHints":{"allow":["GET"]}}],"collection":[{"href":"https:\/\/eldiariodesanpedro.com.ar\/sitio\/wp-json\/wp\/v2\/posts"}],"about":[{"href":"https:\/\/eldiariodesanpedro.com.ar\/sitio\/wp-json\/wp\/v2\/types\/post"}],"author":[{"embeddable":true,"href":"https:\/\/eldiariodesanpedro.com.ar\/sitio\/wp-json\/wp\/v2\/users\/4"}],"replies":[{"embeddable":true,"href":"https:\/\/eldiariodesanpedro.com.ar\/sitio\/wp-json\/wp\/v2\/comments?post=17217"}],"version-history":[{"count":1,"href":"https:\/\/eldiariodesanpedro.com.ar\/sitio\/wp-json\/wp\/v2\/posts\/17217\/revisions"}],"predecessor-version":[{"id":17222,"href":"https:\/\/eldiariodesanpedro.com.ar\/sitio\/wp-json\/wp\/v2\/posts\/17217\/revisions\/17222"}],"wp:featuredmedia":[{"embeddable":true,"href":"https:\/\/eldiariodesanpedro.com.ar\/sitio\/wp-json\/wp\/v2\/media\/17223"}],"wp:attachment":[{"href":"https:\/\/eldiariodesanpedro.com.ar\/sitio\/wp-json\/wp\/v2\/media?parent=17217"}],"wp:term":[{"taxonomy":"category","embeddable":true,"href":"https:\/\/eldiariodesanpedro.com.ar\/sitio\/wp-json\/wp\/v2\/categories?post=17217"},{"taxonomy":"post_tag","embeddable":true,"href":"https:\/\/eldiariodesanpedro.com.ar\/sitio\/wp-json\/wp\/v2\/tags?post=17217"}],"curies":[{"name":"wp","href":"https:\/\/api.w.org\/{rel}","templated":true}]}}